{"id":630949,"date":"2024-08-26T00:01:06","date_gmt":"2024-08-26T06:01:06","guid":{"rendered":"https:\/\/www.diarioimagen.net\/?p=630949"},"modified":"2024-08-26T22:18:42","modified_gmt":"2024-08-27T04:18:42","slug":"educacion-de-calidad-una-de-nuestras-prioridades-afirma-david-sanchez-guevara","status":"publish","type":"post","link":"https:\/\/www.diarioimagen.net\/?p=630949","title":{"rendered":"Educaci\u00f3n de calidad, una de nuestras prioridades, afirma David S\u00e1nchez Guevara"},"content":{"rendered":"<p>&nbsp;<\/p>\n<ul>\n<li><strong><em>Grupo Tecnol\u00f3gico Universitario<\/em><\/strong><\/li>\n<\/ul>\n<p><strong>\u00a0<\/strong><\/p>\n<h6>Arturo Baena<\/h6>\n<p>&nbsp;<\/p>\n<div id=\"attachment_631033\" style=\"width: 470px\" class=\"wp-caption aligncenter\"><a href=\"https:\/\/www.diarioimagen.net\/?attachment_id=631033\" rel=\"attachment wp-att-631033\"><img loading=\"lazy\" decoding=\"async\" aria-describedby=\"caption-attachment-631033\" class=\"size-full wp-image-631033\" src=\"https:\/\/www.diarioimagen.net\/wp-content\/uploads\/2024\/08\/educacion-de-calida.jpg\" alt=\"\" width=\"460\" height=\"270\" srcset=\"https:\/\/www.diarioimagen.net\/wp-content\/uploads\/2024\/08\/educacion-de-calida.jpg 460w, https:\/\/www.diarioimagen.net\/wp-content\/uploads\/2024\/08\/educacion-de-calida-240x141.jpg 240w\" sizes=\"auto, (max-width: 460px) 100vw, 460px\" \/><\/a><p id=\"caption-attachment-631033\" class=\"wp-caption-text\">David S\u00e1nchez Guevara se\u00f1al\u00f3 que Grupo Tecnol\u00f3gico Universitario pone en el centro de sus esfuerzos concretar las aspiraciones y sue\u00f1os de j\u00f3venes estudiantes.<\/p><\/div>\n<p>&nbsp;<\/p>\n<p><strong>Naucalpan, Estado de M\u00e9xico.\u2014<\/strong> El Grupo Tecnol\u00f3gico Universitario cumple en septiembre pr\u00f3ximo\u00a0 10 a\u00f1os como una de las mejores universidades y una buena\u00a0 opci\u00f3n para que los naucalpenses contin\u00faen sus estudios en una instituci\u00f3n innovadora que crea carreras adecuadas a sus necesidades.<\/p>\n<p>As\u00ed lo expres\u00f3 en entrevista, el rector de ese grupo educativo, David S\u00e1nchez Guevara, luego de puntualizar que \u201cGrupo Tecologico Universitario pone en el centro de sus esfuerzos las aspiraciones y sue\u00f1os de los estudiantes, lo que se comprueba plenamente con el hecho de que sus egresados significan historias de \u00e9xito\u201d.<\/p>\n<p>Destac\u00f3 que, adem\u00e1s, \u201cse trata de un proyecto que ofrece educaci\u00f3n de alta calidad a un bajo costo a quienes no pudieron acceder a una universidad p\u00fablica y\u00a0 quienes han encontrado un espacio digno en nuestras instalaciones para seguir prepar\u00e1ndose para su futuro\u201d.<\/p>\n<p>Por otra parte. S\u00e1nchez Guevara subray\u00f3 que a 10 a\u00f1os de haberse constituido en el esta localidad, se han formalizado pr\u00e1cticamente como un grupo educativo; el cual cuenta b\u00e1sicamente con 17 planteles en el pa\u00eds en 8 Estados de la Rep\u00fablica en el que tienen presencia.<\/p>\n<p>Indic\u00f3 que en este periodo de tiempo han incrementado sus servicios; mejorando instalaciones y avanzado en la modernizaci\u00f3n del esquema educativo, principalmente, acercando justamente educaci\u00f3n de calidad a un precio accesible que, dijo finalmente, es por el cual se cre\u00f3 el proyecto.<\/p>\n<p>Insisti\u00f3 que con esa idea surgi\u00f3 el plan estrategico mercadol\u00f3gico, al ver que los padres de familia, \u201cesos hijos de transportistas y locatarios de mercados entre otros, no contaban con una salida para que continuar\u00e1n con sus estudios universitarios en su municipio, toda vez que el \u00fanico plantel de este nivel, es La FES-Acatlan que s\u00f3lo recibe el 5 por ciento de los j\u00f3venes que egresan de un bachillerato de Naucalpan y el resto viene del ex\u00e1men \u00fanico que se aplica en la Zona Metropolitana del Valle de M\u00e9xico\u201d.<strong><br \/>\n<\/strong><\/p>\n<p>&nbsp;<\/p>\n","protected":false},"excerpt":{"rendered":"<p>El Grupo Tecnol\u00f3gico Universitario cumple en septiembre pr\u00f3ximo\u00a0 10 a\u00f1os como una de las mejores universidades y una buena\u00a0 opci\u00f3n para que los naucalpenses contin\u00faen sus estudios en una instituci\u00f3n innovadora que crea carreras adecuadas a sus necesidades.<\/p>\n","protected":false},"author":3,"featured_media":631033,"comment_status":"open","ping_status":"open","sticky":false,"template":"","format":"standard","meta":{"_monsterinsights_skip_tracking":false,"_monsterinsights_sitenote_active":false,"_monsterinsights_sitenote_note":"","_monsterinsights_sitenote_category":0,"footnotes":""},"categories":[5],"tags":[23597,100673],"class_list":["post-630949","post","type-post","status-publish","format-standard","has-post-thumbnail","hentry","category-estado-de-mexico","tag-david-sanchez-guevara","tag-grupo-tecnologico-universitario"],"_links":{"self":[{"href":"https:\/\/www.diarioimagen.net\/index.php?rest_route=\/wp\/v2\/posts\/630949","targetHints":{"allow":["GET"]}}],"collection":[{"href":"https:\/\/www.diarioimagen.net\/index.php?rest_route=\/wp\/v2\/posts"}],"about":[{"href":"https:\/\/www.diarioimagen.net\/index.php?rest_route=\/wp\/v2\/types\/post"}],"author":[{"embeddable":true,"href":"https:\/\/www.diarioimagen.net\/index.php?rest_route=\/wp\/v2\/users\/3"}],"replies":[{"embeddable":true,"href":"https:\/\/www.diarioimagen.net\/index.php?rest_route=%2Fwp%2Fv2%2Fcomments&post=630949"}],"version-history":[{"count":0,"href":"https:\/\/www.diarioimagen.net\/index.php?rest_route=\/wp\/v2\/posts\/630949\/revisions"}],"wp:featuredmedia":[{"embeddable":true,"href":"https:\/\/www.diarioimagen.net\/index.php?rest_route=\/wp\/v2\/media\/631033"}],"wp:attachment":[{"href":"https:\/\/www.diarioimagen.net\/index.php?rest_route=%2Fwp%2Fv2%2Fmedia&parent=630949"}],"wp:term":[{"taxonomy":"category","embeddable":true,"href":"https:\/\/www.diarioimagen.net\/index.php?rest_route=%2Fwp%2Fv2%2Fcategories&post=630949"},{"taxonomy":"post_tag","embeddable":true,"href":"https:\/\/www.diarioimagen.net\/index.php?rest_route=%2Fwp%2Fv2%2Ftags&post=630949"}],"curies":[{"name":"wp","href":"https:\/\/api.w.org\/{rel}","templated":true}]}}