{"id":630953,"date":"2024-08-26T00:04:02","date_gmt":"2024-08-26T06:04:02","guid":{"rendered":"https:\/\/www.diarioimagen.net\/?p=630953"},"modified":"2024-08-26T22:17:36","modified_gmt":"2024-08-27T04:17:36","slug":"presentan-la-plantilla-de-pumas-acatlan-para-el-calendario-2024","status":"publish","type":"post","link":"https:\/\/www.diarioimagen.net\/?p=630953","title":{"rendered":"Presentan la plantilla de Pumas Acatl\u00e1n para el calendario 2024"},"content":{"rendered":"<p>&nbsp;<\/p>\n<ul>\n<li><strong><em>Temporada 2024 de la ONEFA<\/em><\/strong><\/li>\n<\/ul>\n<p><strong>\u00a0<\/strong><\/p>\n<h6>Ricardo Castro y Egle Gallegos<\/h6>\n<p>&nbsp;<\/p>\n<div id=\"attachment_631039\" style=\"width: 470px\" class=\"wp-caption aligncenter\"><a href=\"https:\/\/www.diarioimagen.net\/?attachment_id=631039\" rel=\"attachment wp-att-631039\"><img loading=\"lazy\" decoding=\"async\" aria-describedby=\"caption-attachment-631039\" class=\"size-full wp-image-631039\" src=\"https:\/\/www.diarioimagen.net\/wp-content\/uploads\/2024\/08\/presentan-plantilla.jpg\" alt=\"\" width=\"460\" height=\"270\" srcset=\"https:\/\/www.diarioimagen.net\/wp-content\/uploads\/2024\/08\/presentan-plantilla.jpg 460w, https:\/\/www.diarioimagen.net\/wp-content\/uploads\/2024\/08\/presentan-plantilla-240x141.jpg 240w\" sizes=\"auto, (max-width: 460px) 100vw, 460px\" \/><\/a><p id=\"caption-attachment-631039\" class=\"wp-caption-text\">Pumas Acatl\u00e1n present\u00f3 la plantilla con la que participar\u00e1 en la temporada 2024 de la ONEFA.<\/p><\/div>\n<p>&nbsp;<\/p>\n<p><strong>Naucalpan, Estado de M\u00e9xico.\u2014<\/strong> En el Teatro \u201cJavier Barros Sierra\u201d, Pumas Acatl\u00e1n present\u00f3 la plantilla con la que participar\u00e1 en la temporada 2024 de la Organizaci\u00f3n Nacional Estudiantil de Futbol Americano (ONEFA).<\/p>\n<p>Ericka Judith Arias Guzm\u00e1n, Secretaria General Acad\u00e9mica, destac\u00f3 el impulso que la directora de la FES Acatl\u00e1n, Nora Goris Mayans, brinda al futbol americano.<\/p>\n<p>En ese sentido, Arias Guzm\u00e1n se\u00f1al\u00f3 que \u201cser\u00e1 una muy buena temporada para Pumas Acatl\u00e1n, dado que se ha consolidado su permanencia en la Conferencia de los 14 Grandes de la ONEFA\u201d. La funcionaria llam\u00f3 a los jugadores para que den su m\u00e1ximo esfuerzo, y que pongan su coraz\u00f3n en cada jugada, para representar con creces a la FES Acatl\u00e1n. En tanto, Horacio Garc\u00eda Aponte -head coach de Pumas Acatl\u00e1n-, estableci\u00f3 que tendr\u00e1n buena temporada en la Conferencia de los 14 Grandes de la ONEFA.<\/p>\n<p>\u201cEs un equipo hecho por nosotros, porque cada vez reclutamos menos. Tenemos un promedio de 21 a\u00f1os de edad. S\u00e9 que nos va ir muy bien. Tenemos equipo a futuro\u201d, destac\u00f3.<\/p>\n<p>Pumas Acatl\u00e1n, tiene un roster de 69 jugadores, 45 son de distintos campus de la UNAM y siete de otras facultades. La estatura promedio es de 1.83 metros y 95.5 kilos de peso.<\/p>\n<p>Christian Roberto Salazar Montiel -coordinador de Cuerpos Colegiados de la FES Acatl\u00e1n-, destac\u00f3 que el equipo de futbol americano, es motivo de identidad y orgullo para la FES Cuautitl\u00e1n, FES Arag\u00f3n, FES Iztacala y FES Zaragoza.<\/p>\n","protected":false},"excerpt":{"rendered":"<p>En el Teatro \u201cJavier Barros Sierra\u201d, Pumas Acatl\u00e1n present\u00f3 la plantilla con la que participar\u00e1 en la temporada 2024 de la Organizaci\u00f3n Nacional Estudiantil de Futbol Americano (ONEFA).<\/p>\n","protected":false},"author":3,"featured_media":631039,"comment_status":"open","ping_status":"open","sticky":false,"template":"","format":"standard","meta":{"_monsterinsights_skip_tracking":false,"_monsterinsights_sitenote_active":false,"_monsterinsights_sitenote_note":"","_monsterinsights_sitenote_category":0,"footnotes":""},"categories":[5],"tags":[43675,970,98651,96376],"class_list":["post-630953","post","type-post","status-publish","format-standard","has-post-thumbnail","hentry","category-estado-de-mexico","tag-estado-de-mexico","tag-naucalpan","tag-onefa","tag-pumas-acatlan"],"_links":{"self":[{"href":"https:\/\/www.diarioimagen.net\/index.php?rest_route=\/wp\/v2\/posts\/630953","targetHints":{"allow":["GET"]}}],"collection":[{"href":"https:\/\/www.diarioimagen.net\/index.php?rest_route=\/wp\/v2\/posts"}],"about":[{"href":"https:\/\/www.diarioimagen.net\/index.php?rest_route=\/wp\/v2\/types\/post"}],"author":[{"embeddable":true,"href":"https:\/\/www.diarioimagen.net\/index.php?rest_route=\/wp\/v2\/users\/3"}],"replies":[{"embeddable":true,"href":"https:\/\/www.diarioimagen.net\/index.php?rest_route=%2Fwp%2Fv2%2Fcomments&post=630953"}],"version-history":[{"count":0,"href":"https:\/\/www.diarioimagen.net\/index.php?rest_route=\/wp\/v2\/posts\/630953\/revisions"}],"wp:featuredmedia":[{"embeddable":true,"href":"https:\/\/www.diarioimagen.net\/index.php?rest_route=\/wp\/v2\/media\/631039"}],"wp:attachment":[{"href":"https:\/\/www.diarioimagen.net\/index.php?rest_route=%2Fwp%2Fv2%2Fmedia&parent=630953"}],"wp:term":[{"taxonomy":"category","embeddable":true,"href":"https:\/\/www.diarioimagen.net\/index.php?rest_route=%2Fwp%2Fv2%2Fcategories&post=630953"},{"taxonomy":"post_tag","embeddable":true,"href":"https:\/\/www.diarioimagen.net\/index.php?rest_route=%2Fwp%2Fv2%2Ftags&post=630953"}],"curies":[{"name":"wp","href":"https:\/\/api.w.org\/{rel}","templated":true}]}}