{"id":630955,"date":"2024-08-26T00:02:03","date_gmt":"2024-08-26T06:02:03","guid":{"rendered":"https:\/\/www.diarioimagen.net\/?p=630955"},"modified":"2024-08-26T00:45:38","modified_gmt":"2024-08-26T06:45:38","slug":"desde-el-congreso-se-impulsara-la-transformacion-armando-navarrete","status":"publish","type":"post","link":"https:\/\/www.diarioimagen.net\/?p=630955","title":{"rendered":"Desde el Congreso se impulsar\u00e1 la transformaci\u00f3n: Armando Navarrete"},"content":{"rendered":"<p><strong>\u00a0<\/strong><\/p>\n<p><a href=\"https:\/\/www.diarioimagen.net\/?attachment_id=631035\" rel=\"attachment wp-att-631035\"><img loading=\"lazy\" decoding=\"async\" class=\"aligncenter size-full wp-image-631035\" src=\"https:\/\/www.diarioimagen.net\/wp-content\/uploads\/2024\/08\/desde-el-congreso.jpg\" alt=\"\" width=\"460\" height=\"270\" srcset=\"https:\/\/www.diarioimagen.net\/wp-content\/uploads\/2024\/08\/desde-el-congreso.jpg 460w, https:\/\/www.diarioimagen.net\/wp-content\/uploads\/2024\/08\/desde-el-congreso-240x141.jpg 240w\" sizes=\"auto, (max-width: 460px) 100vw, 460px\" \/><\/a><\/p>\n<p><strong>\u00a0<\/strong><\/p>\n<p><strong>Toluca, Estado de M\u00e9xico.\u2014 <\/strong>Desde la Legislatura vamos a fortalecer el trabajo, la esperanza y la consolidaci\u00f3n de la transformaci\u00f3n en el Estado de M\u00e9xico y en nuestro municipio, Nicol\u00e1s Romero, asegur\u00f3 Armando Navarrete, Legislador Local electo.<\/p>\n<p>Lo anterior, al t\u00e9rmino de la designaci\u00f3n de Francisco V\u00e1zquez, como Coordinador del grupo parlamentario de Morena en la LXII Legislatura del Estado de M\u00e9xico, en donde Armando Navarrete coincidi\u00f3 en que s\u00f3lo en unidad, Morena enfrentar\u00e1 los retos que la Entidad mexiquense presenta. \u201cEs momento de construir y repensar, en raz\u00f3n a la ideolog\u00eda que nos representa y al programa de acci\u00f3n que asumiremos\u201d, recalc\u00f3 el alcalde con licencia de Nicol\u00e1s Romero.<\/p>\n","protected":false},"excerpt":{"rendered":"<p>Desde la Legislatura vamos a fortalecer el trabajo, la esperanza y la consolidaci\u00f3n de la transformaci\u00f3n en el Estado de M\u00e9xico y en nuestro municipio, Nicol\u00e1s Romero, asegur\u00f3 Armando Navarrete, Legislador Local electo.<\/p>\n","protected":false},"author":3,"featured_media":631035,"comment_status":"open","ping_status":"open","sticky":false,"template":"","format":"standard","meta":{"_monsterinsights_skip_tracking":false,"_monsterinsights_sitenote_active":false,"_monsterinsights_sitenote_note":"","_monsterinsights_sitenote_category":0,"footnotes":""},"categories":[5],"tags":[81770,752],"class_list":["post-630955","post","type-post","status-publish","format-standard","has-post-thumbnail","hentry","category-estado-de-mexico","tag-armando-navarrete","tag-nicolas-romero"],"_links":{"self":[{"href":"https:\/\/www.diarioimagen.net\/index.php?rest_route=\/wp\/v2\/posts\/630955","targetHints":{"allow":["GET"]}}],"collection":[{"href":"https:\/\/www.diarioimagen.net\/index.php?rest_route=\/wp\/v2\/posts"}],"about":[{"href":"https:\/\/www.diarioimagen.net\/index.php?rest_route=\/wp\/v2\/types\/post"}],"author":[{"embeddable":true,"href":"https:\/\/www.diarioimagen.net\/index.php?rest_route=\/wp\/v2\/users\/3"}],"replies":[{"embeddable":true,"href":"https:\/\/www.diarioimagen.net\/index.php?rest_route=%2Fwp%2Fv2%2Fcomments&post=630955"}],"version-history":[{"count":0,"href":"https:\/\/www.diarioimagen.net\/index.php?rest_route=\/wp\/v2\/posts\/630955\/revisions"}],"wp:featuredmedia":[{"embeddable":true,"href":"https:\/\/www.diarioimagen.net\/index.php?rest_route=\/wp\/v2\/media\/631035"}],"wp:attachment":[{"href":"https:\/\/www.diarioimagen.net\/index.php?rest_route=%2Fwp%2Fv2%2Fmedia&parent=630955"}],"wp:term":[{"taxonomy":"category","embeddable":true,"href":"https:\/\/www.diarioimagen.net\/index.php?rest_route=%2Fwp%2Fv2%2Fcategories&post=630955"},{"taxonomy":"post_tag","embeddable":true,"href":"https:\/\/www.diarioimagen.net\/index.php?rest_route=%2Fwp%2Fv2%2Ftags&post=630955"}],"curies":[{"name":"wp","href":"https:\/\/api.w.org\/{rel}","templated":true}]}}