{"id":631132,"date":"2024-08-27T00:08:46","date_gmt":"2024-08-27T06:08:46","guid":{"rendered":"https:\/\/www.diarioimagen.net\/?p=631132"},"modified":"2024-08-27T23:06:03","modified_gmt":"2024-08-28T05:06:03","slug":"investigadora-uaemex-evalua-niveles-de-desnutricion-de-las-infancias-y-juventudes","status":"publish","type":"post","link":"https:\/\/www.diarioimagen.net\/?p=631132","title":{"rendered":"Investigadora UAEM\u00e9x eval\u00faa niveles de desnutrici\u00f3n de las infancias y juventudes"},"content":{"rendered":"<p>&nbsp;<\/p>\n<h2 style=\"text-align: center;\">Alejandra Donaj\u00ed Ben\u00edtez Arciniega<\/h2>\n<p><strong>\u00a0<\/strong><\/p>\n<div id=\"attachment_631229\" style=\"width: 470px\" class=\"wp-caption aligncenter\"><a href=\"https:\/\/www.diarioimagen.net\/?attachment_id=631229\" rel=\"attachment wp-att-631229\"><img loading=\"lazy\" decoding=\"async\" aria-describedby=\"caption-attachment-631229\" class=\"size-full wp-image-631229\" src=\"https:\/\/www.diarioimagen.net\/wp-content\/uploads\/2024\/08\/uaem-investigadora-2.jpg\" alt=\"\" width=\"460\" height=\"270\" srcset=\"https:\/\/www.diarioimagen.net\/wp-content\/uploads\/2024\/08\/uaem-investigadora-2.jpg 460w, https:\/\/www.diarioimagen.net\/wp-content\/uploads\/2024\/08\/uaem-investigadora-2-240x141.jpg 240w\" sizes=\"auto, (max-width: 460px) 100vw, 460px\" \/><\/a><p id=\"caption-attachment-631229\" class=\"wp-caption-text\">El proyecto consiste en evaluar las condiciones de salud, de nutrici\u00f3n y de alimentaci\u00f3n de las ni\u00f1as y ni\u00f1os que viven dentro de prisi\u00f3n<\/p><\/div>\n<p>&nbsp;<\/p>\n<p><strong>Toluca, Estado de M\u00e9xico.<\/strong>\u2014 Con el objetivo de analizar los niveles de desnutrici\u00f3n de las infancias y juventudes en condici\u00f3n de crianza en prisi\u00f3n, Alejandra Donaj\u00ed Benitez Arcienega, acad\u00e9mica de la Facultad de Medicina de la Universidad Aut\u00f3noma del Estado de M\u00e9xico (UAEM\u00e9x) trabaja un proyecto para evaluar el estado de salud nutricional.<\/p>\n<p>El proyecto consiste en evaluar las condiciones de salud, de nutrici\u00f3n y de alimentaci\u00f3n de las ni\u00f1as y ni\u00f1os que viven dentro de prisi\u00f3n junto con sus madres en el sistema penitenciario, asimismo, de adolescentes que se encuentran en centros de reinserci\u00f3n en el Valle de M\u00e9xico. \u201cEvaluamos la pr\u00e1ctica diet\u00e9tica a trav\u00e9s de registros de alimentaci\u00f3n, en caso de encontrar alguna alteraci\u00f3n del estado de nutrici\u00f3n, se le da a conocer a las mam\u00e1s como responsables directas, as\u00ed como al servicio m\u00e9dico de cada centro penitenciario y de reinserci\u00f3n\u201d coment\u00f3.<\/p>\n<p>Con una trayectoria de 24 a\u00f1os como acad\u00e9mica universitaria destac\u00f3 la importancia de estudiar a poblaciones en vulnerabilidad. Por esa raz\u00f3n, la acad\u00e9mica se\u00f1al\u00f3 la intenci\u00f3n para incidir en la reestructura de pol\u00edticas p\u00fablicas carcelarias en beneficio de la poblaci\u00f3n infantil. Acent\u00faa que, al valorar la pr\u00e1ctica alimentaria, se trabajen estrategias para la protecci\u00f3n alimentaria de las infancias y de las juventudes. \u201cEs un problema invisibilizado, incrementan sus condiciones desfavorables para un \u00f3ptimo desarrollo, crecimiento y en consecuencia de alimentaci\u00f3n respecto a dieta e higiene\u201d se\u00f1al\u00f3.<\/p>\n<p>Benitez Arcienega destac\u00f3 que como parte de la C\u00e1tedra de Investigaci\u00f3n \u201cInfancias con referentes de crianza en prisi\u00f3n. Infancia es destino\u201d, -la cual se desarrolla en conjunto con el Poder Judicial del Estado de M\u00e9xico, as\u00ed como con dependencias de los gobiernos estatal y federal- se logr\u00f3 la identificaci\u00f3n de anemia en infantes con referentes de crianza en prisi\u00f3n. \u201cPor primera vez en el Estado de M\u00e9xico identificamos, a trav\u00e9s de muestra sangu\u00ednea, la prevalencia de anemia al identificar los niveles de hemoglobina y as\u00ed tener un estad\u00edo cl\u00ednico para la seguridad alimentaria\u201d puntualiz\u00f3.<\/p>\n<p>Finalmente, mencion\u00f3 cu\u00e1n importante es la b\u00fasqueda del conocimiento y que al obtener la cercan\u00eda con los grupos vulnerables la atrae hacia su cuidado y su fortalecimiento para que salgan de esas brechas que los hacen vulnerables. Por ello, destac\u00f3 el papel que lidera dentro de la ciencia \u201cUna mujer en la ciencia es un elemento positivo para dar ejemplo a la sociedad, nuestro papel nos eleva, pero nosotras tambi\u00e9n elevamos a la ciencia con la participaci\u00f3n de la mujer\u201d sostuvo.<\/p>\n","protected":false},"excerpt":{"rendered":"<p>Con el objetivo de analizar los niveles de desnutrici\u00f3n de las infancias y juventudes en condici\u00f3n de crianza en prisi\u00f3n, Alejandra Donaj\u00ed Benitez Arcienega, acad\u00e9mica de la Facultad de Medicina de la Universidad Aut\u00f3noma del Estado de M\u00e9xico (UAEM\u00e9x) trabaja un proyecto para evaluar el estado de salud nutricional.<\/p>\n","protected":false},"author":3,"featured_media":631229,"comment_status":"open","ping_status":"open","sticky":false,"template":"","format":"standard","meta":{"_monsterinsights_skip_tracking":false,"_monsterinsights_sitenote_active":false,"_monsterinsights_sitenote_note":"","_monsterinsights_sitenote_category":0,"footnotes":""},"categories":[5],"tags":[43675,97252,1403,452,67878],"class_list":["post-631132","post","type-post","status-publish","format-standard","has-post-thumbnail","hentry","category-estado-de-mexico","tag-estado-de-mexico","tag-infancia","tag-juventud","tag-toluca","tag-uaemex"],"_links":{"self":[{"href":"https:\/\/www.diarioimagen.net\/index.php?rest_route=\/wp\/v2\/posts\/631132","targetHints":{"allow":["GET"]}}],"collection":[{"href":"https:\/\/www.diarioimagen.net\/index.php?rest_route=\/wp\/v2\/posts"}],"about":[{"href":"https:\/\/www.diarioimagen.net\/index.php?rest_route=\/wp\/v2\/types\/post"}],"author":[{"embeddable":true,"href":"https:\/\/www.diarioimagen.net\/index.php?rest_route=\/wp\/v2\/users\/3"}],"replies":[{"embeddable":true,"href":"https:\/\/www.diarioimagen.net\/index.php?rest_route=%2Fwp%2Fv2%2Fcomments&post=631132"}],"version-history":[{"count":0,"href":"https:\/\/www.diarioimagen.net\/index.php?rest_route=\/wp\/v2\/posts\/631132\/revisions"}],"wp:featuredmedia":[{"embeddable":true,"href":"https:\/\/www.diarioimagen.net\/index.php?rest_route=\/wp\/v2\/media\/631229"}],"wp:attachment":[{"href":"https:\/\/www.diarioimagen.net\/index.php?rest_route=%2Fwp%2Fv2%2Fmedia&parent=631132"}],"wp:term":[{"taxonomy":"category","embeddable":true,"href":"https:\/\/www.diarioimagen.net\/index.php?rest_route=%2Fwp%2Fv2%2Fcategories&post=631132"},{"taxonomy":"post_tag","embeddable":true,"href":"https:\/\/www.diarioimagen.net\/index.php?rest_route=%2Fwp%2Fv2%2Ftags&post=631132"}],"curies":[{"name":"wp","href":"https:\/\/api.w.org\/{rel}","templated":true}]}}