{"id":631212,"date":"2024-08-27T00:13:15","date_gmt":"2024-08-27T06:13:15","guid":{"rendered":"https:\/\/www.diarioimagen.net\/?p=631212"},"modified":"2024-08-27T00:13:46","modified_gmt":"2024-08-27T06:13:46","slug":"el-tribunal","status":"publish","type":"post","link":"https:\/\/www.diarioimagen.net\/?p=631212","title":{"rendered":"El Tribunal"},"content":{"rendered":"<h2>Se comenta s\u00f3lo con\u2026<\/h2>\n<h5>Carlos Ramos Padilla<\/h5>\n<p>&nbsp;<\/p>\n<p>Dejar a la Patria hasta la \u00faltima instancia, el \u00faltimo rinc\u00f3n, la \u00faltima alternativa para defender a su democracia me parece fuera de toda proporci\u00f3n. Arrojar al pa\u00eds a la suerte de t\u00f3mbolas o trampas es inadmisible.<\/p>\n<p>Ofertar enga\u00f1os para imposiciones perversas no lo merecemos. Ninguna civilizaci\u00f3n madura puede permitir que un s\u00f3lo gobierno, un s\u00f3lo partido y un s\u00f3lo Legislativo domine, controle e impulse modificaciones a lado que solamente convienen a una camarilla.<\/p>\n<p>Destruir y no construir a nadie conviene. Sostener que improvisados y abusivos tomen las riendas legales de la Naci\u00f3n es condenar el futuro a arbitrariedades.<\/p>\n<p>No entiendo para qu\u00e9 votamos si con ma\u00f1as y enga\u00f1ifas dentro del legislativo y del INE hacen lo que les viene en gana. No s\u00e9 para qu\u00e9 el conteo de votos si definir\u00e1n lo que se les antoje por artima\u00f1as partidistas, venta de conciencias, acomodos de alianzas o falsas colisiones.<\/p>\n<p>Lo que result\u00f3 de las urnas no corresponde a lo que en el INE se concluy\u00f3. Todo esto es una estafa. Morena quiere dominar por las buenas o por las malas con personajes absolutamente imposibilitados siquiera para interpretar las leyes y art\u00edculos constitucionales porque ni los conocen.<\/p>\n<p>El Tribunal Electoral tiene una enorme responsabilidad y es la misi\u00f3n de respetar la voluntad popular, evitar una sobrerrepresentaci\u00f3n absurda, respetar a la Constituci\u00f3n y no regalar el pa\u00eds a un pu\u00f1ado de personajes improvisados y serviles a la voluntad de un s\u00f3lo individuo.<\/p>\n<p>Nuestra historia, nuestro futuro, millones de mexicanos merecemos dignidad. Las llamadas de atenci\u00f3n han sido incluso internacionales. Atentar contra la Constituci\u00f3n, los \u00f3rganos aut\u00f3nomos, la democracia, el Poder Judicial, la autonom\u00eda de las universidades e incluso la propiedad privada e inversiones es pararnos frente al pared\u00f3n para ser fusilados por aquellos que ni para eso sirven.<\/p>\n<p>Ojal\u00e1 la estatura al interior del Tribunal Electoral sea superior a la barbarie que se desea cometer. Es por el bien de todos pensando no en un periodo breve, si no ser\u00eda una condena permanente que nos arrastrar\u00eda a sistemas totalitarios que en las p\u00e1ginas mundiales han demostrado que llevan a los pueblos a m\u00e1s miseria, injusticia y retroceso.<\/p>\n<p><a href=\"https:\/\/twitter.com\/cramospadilla?ref_src=twsrc%5Egoogle%7Ctwcamp%5Eserp%7Ctwgr%5Eauthor\" target=\"_blank\" rel=\"noopener\"><em>@cramospadilla<\/em><\/a><\/p>\n","protected":false},"excerpt":{"rendered":"<p><span style=\"color: #005497;\"><strong>Carlos Ramos Padilla<\/strong><\/span><\/p>\n","protected":false},"author":3,"featured_media":0,"comment_status":"open","ping_status":"open","sticky":false,"template":"","format":"standard","meta":{"_monsterinsights_skip_tracking":false,"_monsterinsights_sitenote_active":false,"_monsterinsights_sitenote_note":"","_monsterinsights_sitenote_category":0,"footnotes":""},"categories":[97109],"tags":[97108,43674,97107],"class_list":["post-631212","post","type-post","status-publish","format-standard","hentry","category-carlos-ramos-padilla","tag-carlos-ramos-padilla","tag-opinion","tag-se-comenta-solo-con"],"_links":{"self":[{"href":"https:\/\/www.diarioimagen.net\/index.php?rest_route=\/wp\/v2\/posts\/631212","targetHints":{"allow":["GET"]}}],"collection":[{"href":"https:\/\/www.diarioimagen.net\/index.php?rest_route=\/wp\/v2\/posts"}],"about":[{"href":"https:\/\/www.diarioimagen.net\/index.php?rest_route=\/wp\/v2\/types\/post"}],"author":[{"embeddable":true,"href":"https:\/\/www.diarioimagen.net\/index.php?rest_route=\/wp\/v2\/users\/3"}],"replies":[{"embeddable":true,"href":"https:\/\/www.diarioimagen.net\/index.php?rest_route=%2Fwp%2Fv2%2Fcomments&post=631212"}],"version-history":[{"count":0,"href":"https:\/\/www.diarioimagen.net\/index.php?rest_route=\/wp\/v2\/posts\/631212\/revisions"}],"wp:attachment":[{"href":"https:\/\/www.diarioimagen.net\/index.php?rest_route=%2Fwp%2Fv2%2Fmedia&parent=631212"}],"wp:term":[{"taxonomy":"category","embeddable":true,"href":"https:\/\/www.diarioimagen.net\/index.php?rest_route=%2Fwp%2Fv2%2Fcategories&post=631212"},{"taxonomy":"post_tag","embeddable":true,"href":"https:\/\/www.diarioimagen.net\/index.php?rest_route=%2Fwp%2Fv2%2Ftags&post=631212"}],"curies":[{"name":"wp","href":"https:\/\/api.w.org\/{rel}","templated":true}]}}