{"id":631217,"date":"2024-08-27T00:12:37","date_gmt":"2024-08-27T06:12:37","guid":{"rendered":"https:\/\/www.diarioimagen.net\/?p=631217"},"modified":"2024-08-27T00:49:01","modified_gmt":"2024-08-27T06:49:01","slug":"amlo-prefiere-se-hunda-el-t-mec-que-no-reformar-al-poder-judicial","status":"publish","type":"post","link":"https:\/\/www.diarioimagen.net\/?p=631217","title":{"rendered":"AMLO prefiere se hunda el T-MEC que no reformar\u00a0al\u00a0Poder\u00a0Judicial"},"content":{"rendered":"<h2>Tras la puerta del poder<\/h2>\n<h5>Roberto Vizca\u00edno<\/h5>\n<p>&nbsp;<\/p>\n<p>A un mes de dejar la Presidencia, los 30 d\u00edas en que se ha programado reformar al Poder Judicial, <strong>Andr\u00e9s Manuel L\u00f3pez Obrador<\/strong> afirma que prefiere se cancele el T-MEC que desistir en esa reforma.<\/p>\n<p>En su ma\u00f1anera de inicio de semana afirm\u00f3 que <strong>Ken Salazar,<\/strong> embajador de Estados Unidos, nada tiene que decir de esta reforma y advirti\u00f3 a los gobiernos de EU y Canad\u00e1 que el T-MEC no hace a M\u00e9xico ap\u00e9ndice o colonia de estos pa\u00edses.<\/p>\n<p>Consider\u00f3 que este debate con EU y Canad\u00e1 deriva necesariamente en la ratificaci\u00f3n de la <strong>independencia nacional<\/strong> alcanzada con mucho sacrificio por M\u00e9xico.<\/p>\n<p>\u201c\u2026 en el caso \u2014que no es real\u2014, de que hubiesen sanciones a M\u00e9xico (v\u00eda T-MEC), nosotros los mexicanos tenemos que poner por delante nuestra soberan\u00eda.<\/p>\n<p>\u201c<strong>No podemos someternos<\/strong>, es la historia de M\u00e9xico, es el sacrificio de mucha gente por lograr una <strong>Patria libre<\/strong>, <strong>independiente,<\/strong> <strong>soberan<\/strong>a, <strong>eso est\u00e1 por encima de cualquier tratado<\/strong>\u201d, afirm\u00f3.<\/p>\n<p>Con ello dej\u00f3 en claro cual ser\u00e1 su argumentaci\u00f3n ante sus seguidores y los mexicanos cuando EU y Canad\u00e1 apliquen sanciones a M\u00e9xico por la ruptura de condiciones legales establecidas en el TMEC y por la falta de garant\u00edas jur\u00eddicas para sus empresas e inversiones por la desaparici\u00f3n del Sistema Judicial, de la Suprema Corte y la red de Tribunales, en M\u00e9xico.<\/p>\n<p>El embajador <strong>Salazar<\/strong>, en representaci\u00f3n de su gobierno, insisti\u00f3 en que la reforma al PJ no s\u00f3lo permitir\u00eda la infiltraci\u00f3n del narcotr\u00e1fico y la delincuencia organizada en el Poder Judicial de M\u00e9xico, y pondr\u00edan en riesgo la democracia de este pa\u00eds, sino que pondr\u00eda en riesgo las relaciones bilaterales en materia comercial.<\/p>\n<p>El fin de semana, <strong>Ken Salazar<\/strong> insisti\u00f3 en dialogar para intercambiar opiniones sobre esta reforma como socio que es de M\u00e9xico.<\/p>\n<p><strong>AMLO <\/strong>le respondi\u00f3 que no hay nada que conversar en este tema.<\/p>\n<p style=\"text-align: center;\"><strong>Inversionistas y consultoras pxev\u00e9n fuga de capitales<\/strong><\/p>\n<p>La alerta la abrieron <strong>Morgan Stanley<\/strong> Citibanamex la semana anterior y ya esta alarma domina a todo el mercado financiero internacional. Las m\u00e1s importantes consultoras indican que simplemente en la c\u00fapula del poder pol\u00edtico de M\u00e9xico, en especial entre el presidente <strong>Andr\u00e9s Manuel L\u00f3pez Obrado<\/strong>r y la presidenta <strong>Claudia Sheinbaum<\/strong> y su entorno econ\u00f3mico, <strong>no se ha entendido la gravedad de las consecuencias de esta reforma<\/strong> en curso.<\/p>\n<p>Para los gobiernos de Estados Unidos y Canad\u00e1, y del resto del mundo que tiene inversiones en M\u00e9xico, <strong>la reforma judicial dejar\u00eda sin recursos legales a los inversionistas y todas las empresas extranjeras que hay en este pa\u00eds<\/strong>\u2026<\/p>\n<p>Y para todos ellos <strong>el tema es simple<\/strong>: La reforma al Poder Judicial ser\u00eda una violaci\u00f3n al T-MEC porque al no tener recursos legales para defenderse como consecuencia de este cambio en el Poder Judicial mexicano, se perder\u00eda uno de los elementos centrales para cualquier intercambio comercial y de inversi\u00f3n.<\/p>\n<p>Lo que va a pasar, afirman, es que habr\u00e1 una desaprobaci\u00f3n del grado de inversi\u00f3n que se sumar\u00eda al d\u00e9ficit que este a\u00f1o va a estar ya cerca de los 7 puntos del PIB en M\u00e9xico. Uno de los m\u00e1s grandes en d\u00e9cadas.<\/p>\n<p>No est\u00e1 bien la inversi\u00f3n p\u00fablica y le est\u00e1n poniendo trabas importantes a la inversi\u00f3n privada, entonces la probabilidad de un estancamiento econ\u00f3mico es extraordinario, agregan.<\/p>\n<p>En este contexto, <strong>los mercados<\/strong> se van a convertir en el verdadero contrapeso a las decisiones de AMLO y Sheinbaum y no habr\u00e1 nada que los detenga: \u201cse las van a cobrar\u201d, afirman.<\/p>\n<p>\u201cAl dejar de tener el grado de inversi\u00f3n, y sin seguridad jur\u00eddica, <strong>la implicaci\u00f3n ser\u00e1 que hay un mont\u00f3n de dinero que se tiene que salir de M\u00e9xico<\/strong>. O sea, <strong>no es porque quieran o no, sino porque legalmente muchos de esos fondos no tendr\u00e1n ya permiso para quedarse en M\u00e9xico\u2026 lo que ver\u00edamos es una salida masiva de inversiones con un impacto sobre el tipo de cambio y una fuerte <\/strong>presi\u00f3n inflacionaria\u2026\u201d, advierten.<\/p>\n<p>Nada que no sepamos.<\/p>\n<p style=\"text-align: center;\"><strong>Fueron seis a\u00f1os de acuerdos: Monreal<\/strong><\/p>\n<p>Para el coordinador de los senadores de Morena y presidente de la Junta de Coordinaci\u00f3n Pol\u00edtica del Senado, el zacatecano Ricardo Monreal, la legislatura que concluye este mes fue de grandes logros partidarios y personales.<\/p>\n<p>Los 6 a\u00f1os anteriores vieron la aprobaci\u00f3n de 40 proyectos de reforma constitucional en materia de seguridad, equidad, pluralidad, movilidad, igualdad, transparencia y desarrollo sostenible, enumer\u00f3.<\/p>\n<p>Desde la Jucopo, dijo que \u00e9l siempre tuvo como misi\u00f3n enriquecer los proyectos del Legislativo Federal, pilares sobre los cuales, afirma, se edific\u00f3 el nuevo r\u00e9gimen, para as\u00ed cumplir con la responsabilidad constitucional otorgada por los mexicanos en el 2018, para servir a M\u00e9xico.<\/p>\n<p>Las reformas alcanzadas, subray\u00f3, se constituyeron como pilares que buscaron promover la inclusi\u00f3n y defender el respeto de los derechos humanos y as\u00ed qued\u00f3 demostrado con la creaci\u00f3n de una instituci\u00f3n de seguridad confiable como lo es la Guardia Nacional.<\/p>\n<p>De la misma forma, agreg\u00f3, se fortaleci\u00f3 la figura jur\u00eddica de extinci\u00f3n de dominio; las conquistas laborales en beneficio de la clase trabajadora, \u201cnunca antes vistas\u201d; el fondo de pensiones; salarios m\u00ednimos; y la paridad en los casos de elecci\u00f3n popular.<\/p>\n<p>Tambi\u00e9n se aprobaron, indica, reformas para establecer la obligatoriedad de la educaci\u00f3n superior, el reconocimiento de los pueblos afromexicanos, la promoci\u00f3n del desarrollo integral de las personas j\u00f3venes y la eliminaci\u00f3n del fuero presidencial.<\/p>\n<p>\u201cSeparamos al poder econ\u00f3mico del pol\u00edtico y prohibimos, de manera tajante, la condonaci\u00f3n o perd\u00f3n del pago de impuestos, acciones que formaron parte de estas reformas constitucionales alcanzadas en este periodo\u201d, se\u00f1al\u00f3.<\/p>\n<p>La tarea fue sumar y escuchar a la voz de la ciudadan\u00eda, por lo que en esta Legislatura se evidenci\u00f3 un esp\u00edritu de colaboraci\u00f3n permanente entre las fuerzas parlamentarias, donde la Jucopo, en \u201cseis a\u00f1os, sirvi\u00f3 a M\u00e9xico\u201d.<\/p>\n<p><em><a href=\"mailto:rvizcainoa@gmail.com\" target=\"_blank\" rel=\"noopener noreferrer\">vizcainoa@gmail.com<\/a><a href=\"mailto:rvizcainoa@gmail.com\" target=\"_blank\" rel=\"noopener noreferrer\"><br \/>\n<\/a><a href=\"https:\/\/twitter.com\/_rvizcaino\" target=\"_blank\" rel=\"noopener noreferrer\">@_RVizcaino<\/a><a href=\"mailto:rvizcainoa@gmail.com\" target=\"_blank\" rel=\"noopener noreferrer\"><br \/>\n<\/a><a href=\"https:\/\/www.facebook.com\/rvizcainoa\" target=\"_blank\" rel=\"noopener noreferrer\">facebook.com\/rvizcainoa<\/a><\/em><\/p>\n","protected":false},"excerpt":{"rendered":"<p><span style=\"color: #005497;\"><strong>Roberto Vizca\u00edno<\/strong><\/span><\/p>\n","protected":false},"author":3,"featured_media":0,"comment_status":"open","ping_status":"open","sticky":false,"template":"","format":"standard","meta":{"_monsterinsights_skip_tracking":false,"_monsterinsights_sitenote_active":false,"_monsterinsights_sitenote_note":"","_monsterinsights_sitenote_category":0,"footnotes":""},"categories":[136],"tags":[43674,93,94],"class_list":["post-631217","post","type-post","status-publish","format-standard","hentry","category-roberto-vizcaino-opinion","tag-opinion","tag-roberto-vizcaino","tag-tras-la-puerta-del-poder"],"_links":{"self":[{"href":"https:\/\/www.diarioimagen.net\/index.php?rest_route=\/wp\/v2\/posts\/631217","targetHints":{"allow":["GET"]}}],"collection":[{"href":"https:\/\/www.diarioimagen.net\/index.php?rest_route=\/wp\/v2\/posts"}],"about":[{"href":"https:\/\/www.diarioimagen.net\/index.php?rest_route=\/wp\/v2\/types\/post"}],"author":[{"embeddable":true,"href":"https:\/\/www.diarioimagen.net\/index.php?rest_route=\/wp\/v2\/users\/3"}],"replies":[{"embeddable":true,"href":"https:\/\/www.diarioimagen.net\/index.php?rest_route=%2Fwp%2Fv2%2Fcomments&post=631217"}],"version-history":[{"count":0,"href":"https:\/\/www.diarioimagen.net\/index.php?rest_route=\/wp\/v2\/posts\/631217\/revisions"}],"wp:attachment":[{"href":"https:\/\/www.diarioimagen.net\/index.php?rest_route=%2Fwp%2Fv2%2Fmedia&parent=631217"}],"wp:term":[{"taxonomy":"category","embeddable":true,"href":"https:\/\/www.diarioimagen.net\/index.php?rest_route=%2Fwp%2Fv2%2Fcategories&post=631217"},{"taxonomy":"post_tag","embeddable":true,"href":"https:\/\/www.diarioimagen.net\/index.php?rest_route=%2Fwp%2Fv2%2Ftags&post=631217"}],"curies":[{"name":"wp","href":"https:\/\/api.w.org\/{rel}","templated":true}]}}