{"id":631312,"date":"2024-08-28T00:05:15","date_gmt":"2024-08-28T06:05:15","guid":{"rendered":"https:\/\/www.diarioimagen.net\/?p=631312"},"modified":"2024-09-03T01:03:01","modified_gmt":"2024-09-03T07:03:01","slug":"convocan-a-primera-jornada-de-limpiemos-nuestro-edomex","status":"publish","type":"post","link":"https:\/\/www.diarioimagen.net\/?p=631312","title":{"rendered":"Convocan a primera jornada de \u201cLimpiemos Nuestro Edomex\u201d"},"content":{"rendered":"<p>&nbsp;<\/p>\n<ul>\n<li><em><strong>Tambi\u00e9n participar\u00e1n miles de servidores p\u00fablicos<\/strong><\/em><\/li>\n<\/ul>\n<p>&nbsp;<\/p>\n<div id=\"attachment_631426\" style=\"width: 470px\" class=\"wp-caption aligncenter\"><a href=\"https:\/\/www.diarioimagen.net\/?attachment_id=631426\" rel=\"attachment wp-att-631426\"><img loading=\"lazy\" decoding=\"async\" aria-describedby=\"caption-attachment-631426\" class=\"size-full wp-image-631426\" src=\"https:\/\/www.diarioimagen.net\/wp-content\/uploads\/2024\/08\/convocan-primera-jornada.jpg\" alt=\"\" width=\"460\" height=\"270\" srcset=\"https:\/\/www.diarioimagen.net\/wp-content\/uploads\/2024\/08\/convocan-primera-jornada.jpg 460w, https:\/\/www.diarioimagen.net\/wp-content\/uploads\/2024\/08\/convocan-primera-jornada-240x141.jpg 240w\" sizes=\"auto, (max-width: 460px) 100vw, 460px\" \/><\/a><p id=\"caption-attachment-631426\" class=\"wp-caption-text\">Mexiquenses de los 125 municipios podr\u00e1n participar en esta primera jornada de \u201cLimpiemos Nuestro Edomex\u201d, inform\u00f3 Horacio Duarte Olivares, Secretario General de Gobierno.<\/p><\/div>\n<p>&nbsp;<\/p>\n<p><strong>Texcoco, Estado de M\u00e9xico.\u2014<\/strong> El gobierno de la maestra Delfina G\u00f3mez \u00c1lvarez convoc\u00f3 a todas y todos los mexiquenses, Presidentes Municipales, Diputados Locales y Federales, c\u00e1maras, asociaciones y escuelas a sumarse a la primera jornada de \u201cLimpiemos Nuestro Edomex\u201d que se realizar\u00e1 el pr\u00f3ximo viernes 30 de agosto en toda la entidad, inform\u00f3 Horacio Duarte Olivares, Secretario General de Gobierno.<\/p>\n<p>En esta primera jornada, encabezada por la Gobernadora Delfina G\u00f3mez \u00c1lvarez tambi\u00e9n participar\u00e1n las 18 Secretar\u00edas y miles de servidores p\u00fablicos que integran el Gobierno del Estado de M\u00e9xico y las administraciones de los 125 municipios, de tal manera que la limpieza ser\u00e1 colaborativa con el objetivo de cambiar parte del entorno de la entidad y prevenir inundaciones.<\/p>\n<p>\u201cVamos a hacer una gran jornada entre nueve de la ma\u00f1ana y una de la tarde, para limpiar un n\u00famero importante de avenidas, parques, r\u00edos, arroyos, canales, porque hemos visto ahora que se present\u00f3 el fen\u00f3meno de las inundaciones, el mayor problema de las inundaciones es casi siempre por taponamiento de basura\u201d, se\u00f1al\u00f3 Horacio Duarte Olivares, Secretario General de Gobierno.<\/p>\n<p>Sobre las afectaciones en el municipio de Chalco, derivado de las lluvias hist\u00f3ricas, Horacio Duarte Olivares, Secretario General de Gobierno inform\u00f3 que este fin de semana se lograron romper los tres tapones de basura que no permit\u00edan que pudiera fluir el agua de manera eficiente en el Colector Solidaridad 1.<\/p>\n<p>\u201cQuitamos tres tapones, nada m\u00e1s para que lo vean, ese ducto, ese dren que se tap\u00f3, es un dren de 2.50 metros, solo ten\u00eda paso de 30 cent\u00edmetros, ten\u00eda tres taponamientos, uno de 12 metros, uno de 15 y otro de 20 metros de largo, por todo lo ancho\u201d, detall\u00f3 Horacio Duarte Olivares, Secretario General de Gobierno. Adem\u00e1s, inform\u00f3 que por instrucci\u00f3n del Presidente Andr\u00e9s Manuel L\u00f3pez Obrador y de la Gobernadora Delfina G\u00f3mez \u00c1lvarez, todas las dependencias se abocar\u00e1n en el arranque de la obra del Colector Solidaridad 1.<\/p>\n","protected":false},"excerpt":{"rendered":"<p>El gobierno de la maestra Delfina G\u00f3mez \u00c1lvarez convoc\u00f3 a todas y todos los mexiquenses, Presidentes Municipales, Diputados Locales y Federales, c\u00e1maras, asociaciones y escuelas a sumarse a la primera jornada de \u201cLimpiemos Nuestro Edomex\u201d que se realizar\u00e1 el pr\u00f3ximo viernes 30 de agosto en toda la entidad, inform\u00f3 Horacio Duarte Olivares, Secretario General de Gobierno.<\/p>\n","protected":false},"author":3,"featured_media":631426,"comment_status":"open","ping_status":"open","sticky":false,"template":"","format":"standard","meta":{"_monsterinsights_skip_tracking":false,"_monsterinsights_sitenote_active":false,"_monsterinsights_sitenote_note":"","_monsterinsights_sitenote_category":0,"footnotes":""},"categories":[5,99730],"tags":[43675,100694,540],"class_list":["post-631312","post","type-post","status-publish","format-standard","has-post-thumbnail","hentry","category-estado-de-mexico","category-edomex","tag-estado-de-mexico","tag-limpiemos-nuestro-edomex","tag-texcoco"],"_links":{"self":[{"href":"https:\/\/www.diarioimagen.net\/index.php?rest_route=\/wp\/v2\/posts\/631312","targetHints":{"allow":["GET"]}}],"collection":[{"href":"https:\/\/www.diarioimagen.net\/index.php?rest_route=\/wp\/v2\/posts"}],"about":[{"href":"https:\/\/www.diarioimagen.net\/index.php?rest_route=\/wp\/v2\/types\/post"}],"author":[{"embeddable":true,"href":"https:\/\/www.diarioimagen.net\/index.php?rest_route=\/wp\/v2\/users\/3"}],"replies":[{"embeddable":true,"href":"https:\/\/www.diarioimagen.net\/index.php?rest_route=%2Fwp%2Fv2%2Fcomments&post=631312"}],"version-history":[{"count":0,"href":"https:\/\/www.diarioimagen.net\/index.php?rest_route=\/wp\/v2\/posts\/631312\/revisions"}],"wp:featuredmedia":[{"embeddable":true,"href":"https:\/\/www.diarioimagen.net\/index.php?rest_route=\/wp\/v2\/media\/631426"}],"wp:attachment":[{"href":"https:\/\/www.diarioimagen.net\/index.php?rest_route=%2Fwp%2Fv2%2Fmedia&parent=631312"}],"wp:term":[{"taxonomy":"category","embeddable":true,"href":"https:\/\/www.diarioimagen.net\/index.php?rest_route=%2Fwp%2Fv2%2Fcategories&post=631312"},{"taxonomy":"post_tag","embeddable":true,"href":"https:\/\/www.diarioimagen.net\/index.php?rest_route=%2Fwp%2Fv2%2Ftags&post=631312"}],"curies":[{"name":"wp","href":"https:\/\/api.w.org\/{rel}","templated":true}]}}