{"id":631314,"date":"2024-08-28T00:02:33","date_gmt":"2024-08-28T06:02:33","guid":{"rendered":"https:\/\/www.diarioimagen.net\/?p=631314"},"modified":"2024-08-28T02:06:50","modified_gmt":"2024-08-28T08:06:50","slug":"defendere-desde-el-senado-al-poder-judicial-afirma-enrique-vargas-del-villar","status":"publish","type":"post","link":"https:\/\/www.diarioimagen.net\/?p=631314","title":{"rendered":"Defender\u00e9 desde el Senado al Poder Judicial, afirma Enrique Vargas del Villar"},"content":{"rendered":"<p>&nbsp;<\/p>\n<ul>\n<li><em><strong>El PAN, contra pol\u00edticas que da\u00f1an al pa\u00eds<\/strong><\/em><\/li>\n<\/ul>\n<p><strong>\u00a0<\/strong><\/p>\n<h6>Arturo Baena<\/h6>\n<p>&nbsp;<\/p>\n<div id=\"attachment_631420\" style=\"width: 470px\" class=\"wp-caption aligncenter\"><a href=\"https:\/\/www.diarioimagen.net\/?attachment_id=631420\" rel=\"attachment wp-att-631420\"><img loading=\"lazy\" decoding=\"async\" aria-describedby=\"caption-attachment-631420\" class=\"size-full wp-image-631420\" src=\"https:\/\/www.diarioimagen.net\/wp-content\/uploads\/2024\/08\/defendere-desde-el-senado.jpg\" alt=\"\" width=\"460\" height=\"270\" srcset=\"https:\/\/www.diarioimagen.net\/wp-content\/uploads\/2024\/08\/defendere-desde-el-senado.jpg 460w, https:\/\/www.diarioimagen.net\/wp-content\/uploads\/2024\/08\/defendere-desde-el-senado-240x141.jpg 240w\" sizes=\"auto, (max-width: 460px) 100vw, 460px\" \/><\/a><p id=\"caption-attachment-631420\" class=\"wp-caption-text\">El senador electo Enrique Vargas del Villar reiter\u00f3 su compromiso con las y los\u00a0 mexicanos que dieron su voto al PAN para ser un contrapeso importante al partido en el gobierno.<\/p><\/div>\n<p>&nbsp;<\/p>\n<p><strong>Huixquilucan, Estado de M\u00e9xico.\u2014<\/strong> Enrique Vargas del Villar, senador por el Estado de M\u00e9xico, reiter\u00f3 su compromiso con las y los\u00a0 mexicanos que dieron su voto al Partido Acci\u00f3n Nacional (PAN) para ser un contrapeso importante al partido en el gobierno y evitar que pol\u00edticas equivocadas da\u00f1en al pa\u00eds.<\/p>\n<p>\u201cEn la fracci\u00f3n parlamentaria de Acci\u00f3n Nacional hay Senadores y Senadoras con un compromiso genuino con el pa\u00eds y sus familias,\u00a0 es por ello que se va a poner todo el conocimiento y experiencia para ser los Legisladores que M\u00e9xico merece\u201d, destac\u00f3.<\/p>\n<p>Dijo que la ciudadan\u00eda encontrar\u00e1 en los Legisladores panistas a unos aliados que dar\u00e1n todo con argumentos s\u00f3lidos, para que no haya reformas que lejos de buscar cambios positivos para el pa\u00eds, se pretende llevarlo al atraso, y eso puntualiz\u00f3, no lo merecen los y las mexicanas.<\/p>\n<p>Vargas del Villar record\u00f3 que Acci\u00f3n Nacional es la primera fuerza pol\u00edtica de oposici\u00f3n en el pa\u00eds y eso les da a\u00fan m\u00e1s autoridad para defender a M\u00e9xico de pol\u00edticas regresivas y perjudiciales como lo es, la reforma judicial.<\/p>\n<p>El senador electo por el Estado de M\u00e9xico lament\u00f3 que el partido mayoritario s\u00f3lo piensa en avasallar a sus contrarios y no, en lo que es ben\u00e9fico para los y las mexicanas y eso es muy lamentable porque sus pol\u00edticas lejos de impulsar un desarrollo positivo van a llevar a M\u00e9xico al atraso.<\/p>\n<p>Finalmente, Vargas del Villar insisti\u00f3 que Acci\u00f3n Nacional siempre votar\u00e1 en contra de las arbitrariedades que atentan contra el pueblo de M\u00e9xico.<\/p>\n","protected":false},"excerpt":{"rendered":"<p>Enrique Vargas del Villar, senador por el Estado de M\u00e9xico, reiter\u00f3 su compromiso con las y los\u00a0 mexicanos que dieron su voto al Partido Acci\u00f3n Nacional (PAN) para ser un contrapeso importante al partido en el gobierno y evitar que pol\u00edticas equivocadas da\u00f1en al pa\u00eds.<\/p>\n","protected":false},"author":3,"featured_media":631420,"comment_status":"open","ping_status":"open","sticky":false,"template":"","format":"standard","meta":{"_monsterinsights_skip_tracking":false,"_monsterinsights_sitenote_active":false,"_monsterinsights_sitenote_note":"","_monsterinsights_sitenote_category":0,"footnotes":""},"categories":[5],"tags":[47218,43675,1097,100695],"class_list":["post-631314","post","type-post","status-publish","format-standard","has-post-thumbnail","hentry","category-estado-de-mexico","tag-enrique-vargas-del-villar","tag-estado-de-mexico","tag-huixquilucan","tag-poder-judiciial"],"_links":{"self":[{"href":"https:\/\/www.diarioimagen.net\/index.php?rest_route=\/wp\/v2\/posts\/631314","targetHints":{"allow":["GET"]}}],"collection":[{"href":"https:\/\/www.diarioimagen.net\/index.php?rest_route=\/wp\/v2\/posts"}],"about":[{"href":"https:\/\/www.diarioimagen.net\/index.php?rest_route=\/wp\/v2\/types\/post"}],"author":[{"embeddable":true,"href":"https:\/\/www.diarioimagen.net\/index.php?rest_route=\/wp\/v2\/users\/3"}],"replies":[{"embeddable":true,"href":"https:\/\/www.diarioimagen.net\/index.php?rest_route=%2Fwp%2Fv2%2Fcomments&post=631314"}],"version-history":[{"count":0,"href":"https:\/\/www.diarioimagen.net\/index.php?rest_route=\/wp\/v2\/posts\/631314\/revisions"}],"wp:featuredmedia":[{"embeddable":true,"href":"https:\/\/www.diarioimagen.net\/index.php?rest_route=\/wp\/v2\/media\/631420"}],"wp:attachment":[{"href":"https:\/\/www.diarioimagen.net\/index.php?rest_route=%2Fwp%2Fv2%2Fmedia&parent=631314"}],"wp:term":[{"taxonomy":"category","embeddable":true,"href":"https:\/\/www.diarioimagen.net\/index.php?rest_route=%2Fwp%2Fv2%2Fcategories&post=631314"},{"taxonomy":"post_tag","embeddable":true,"href":"https:\/\/www.diarioimagen.net\/index.php?rest_route=%2Fwp%2Fv2%2Ftags&post=631314"}],"curies":[{"name":"wp","href":"https:\/\/api.w.org\/{rel}","templated":true}]}}