{"id":631318,"date":"2024-08-28T00:01:19","date_gmt":"2024-08-28T06:01:19","guid":{"rendered":"https:\/\/www.diarioimagen.net\/?p=631318"},"modified":"2024-08-28T02:08:57","modified_gmt":"2024-08-28T08:08:57","slug":"fuera-compadrazgos-en-la-eleccion-del-lider-de-mc-edomex-rodrigo-samperio-chaparro","status":"publish","type":"post","link":"https:\/\/www.diarioimagen.net\/?p=631318","title":{"rendered":"Fuera compadrazgos en la elecci\u00f3n del\u00a0l\u00edder de MC-Edomex: Rodrigo\u00a0Samperio\u00a0Chaparro"},"content":{"rendered":"<p>&nbsp;<\/p>\n<ul>\n<li><em><strong>Llamado del diputado electo a la unidad<\/strong><\/em><\/li>\n<\/ul>\n<p>&nbsp;<\/p>\n<div id=\"attachment_631418\" style=\"width: 470px\" class=\"wp-caption aligncenter\"><a href=\"https:\/\/www.diarioimagen.net\/?attachment_id=631418\" rel=\"attachment wp-att-631418\"><img loading=\"lazy\" decoding=\"async\" aria-describedby=\"caption-attachment-631418\" class=\"size-full wp-image-631418\" src=\"https:\/\/www.diarioimagen.net\/wp-content\/uploads\/2024\/08\/fuera-compadrazgos.jpg\" alt=\"\" width=\"460\" height=\"270\" srcset=\"https:\/\/www.diarioimagen.net\/wp-content\/uploads\/2024\/08\/fuera-compadrazgos.jpg 460w, https:\/\/www.diarioimagen.net\/wp-content\/uploads\/2024\/08\/fuera-compadrazgos-240x141.jpg 240w\" sizes=\"auto, (max-width: 460px) 100vw, 460px\" \/><\/a><p id=\"caption-attachment-631418\" class=\"wp-caption-text\">En conferencia de prensa, Rodrigo Samperio Chaparro dijo que en MC la elecci\u00f3n de la dirigencia estatal no es de mero tr\u00e1mite y mucho menos de compadrazgos.<\/p><\/div>\n<p>&nbsp;<\/p>\n<p><strong>Valle de M\u00e9xico.\u2014<\/strong> El diputado federal electo Rodrigo Samperio Chaparro dijo que \u201cen Movimiento Ciudadano (MC) la elecci\u00f3n de la dirigencia estatal no es de mero tr\u00e1mite, ni se hace al ah\u00ed se va y mucho menos de compadrazgos\u201d.<\/p>\n<p>En conferencia de prensa, donde estuvo acompa\u00f1ado por Karime Arguilez, quien ha participado en diversos procesos electorales, afirm\u00f3 que la renovaci\u00f3n de la dirigencia se detuvo por varias razones, adem\u00e1s de que siguen trabajando para que la unidad al interior de MC siga prevaleciendo.<\/p>\n<p>\u201cTuvimos que posponer la renovaci\u00f3n de la dirigencia de MC en la entidad y esta decisi\u00f3n se ha tomado para demostrar que nuestros procesos internos no son de tr\u00e1mite, sino que nuestro proceso, se hace con consenso, con equidad de condiciones y se hacen por la v\u00eda democr\u00e1tica\u201d, asever\u00f3.<\/p>\n<p>Por otra parte, se destac\u00f3 que \u201cno se amenaza a nadie, no se le condiciona a nadie y mucho menos, se le enga\u00f1a a nadie, pues en MC les aseguramos la continuidad de sus proyectos, con la renovaci\u00f3n que se har\u00e1 podr\u00e1n ser diputadas, alcalde, regidores e incluso nos estamos preparando porque en 2027 nos queremos consolidar para que en el 2029 tengamos una gubernatura en la entidad m\u00e1s importante del pa\u00eds\u201d..<\/p>\n<p>En su oportunidad, Karime Arguilez -quien tambi\u00e9n se registr\u00f3 para competir por la dirigencia de Movimiento Ciudadano en el Estado de M\u00e9xico-, afirm\u00f3 que \u201cla democracia no es para cobardes, sino para valientes\u201d.<\/p>\n<p>Precis\u00f3 que est\u00e1 lista para asumir el reto de liderar el partido sin comprometer la unidad interna, sino fortaleciendo la cohesi\u00f3n y valorando el trabajo colectivo del equipo naranja.<\/p>\n","protected":false},"excerpt":{"rendered":"<p>El diputado federal electo Rodrigo Samperio Chaparro dijo que \u201cen Movimiento Ciudadano (MC) la elecci\u00f3n de la dirigencia estatal no es de mero tr\u00e1mite, ni se hace al ah\u00ed se va y mucho menos de compadrazgos\u201d.<\/p>\n","protected":false},"author":3,"featured_media":631418,"comment_status":"open","ping_status":"open","sticky":false,"template":"","format":"standard","meta":{"_monsterinsights_skip_tracking":false,"_monsterinsights_sitenote_active":false,"_monsterinsights_sitenote_note":"","_monsterinsights_sitenote_category":0,"footnotes":""},"categories":[5],"tags":[100697,34],"class_list":["post-631318","post","type-post","status-publish","format-standard","has-post-thumbnail","hentry","category-estado-de-mexico","tag-rodrigo-samperio-chaparro","tag-valle-de-mexico"],"_links":{"self":[{"href":"https:\/\/www.diarioimagen.net\/index.php?rest_route=\/wp\/v2\/posts\/631318","targetHints":{"allow":["GET"]}}],"collection":[{"href":"https:\/\/www.diarioimagen.net\/index.php?rest_route=\/wp\/v2\/posts"}],"about":[{"href":"https:\/\/www.diarioimagen.net\/index.php?rest_route=\/wp\/v2\/types\/post"}],"author":[{"embeddable":true,"href":"https:\/\/www.diarioimagen.net\/index.php?rest_route=\/wp\/v2\/users\/3"}],"replies":[{"embeddable":true,"href":"https:\/\/www.diarioimagen.net\/index.php?rest_route=%2Fwp%2Fv2%2Fcomments&post=631318"}],"version-history":[{"count":0,"href":"https:\/\/www.diarioimagen.net\/index.php?rest_route=\/wp\/v2\/posts\/631318\/revisions"}],"wp:featuredmedia":[{"embeddable":true,"href":"https:\/\/www.diarioimagen.net\/index.php?rest_route=\/wp\/v2\/media\/631418"}],"wp:attachment":[{"href":"https:\/\/www.diarioimagen.net\/index.php?rest_route=%2Fwp%2Fv2%2Fmedia&parent=631318"}],"wp:term":[{"taxonomy":"category","embeddable":true,"href":"https:\/\/www.diarioimagen.net\/index.php?rest_route=%2Fwp%2Fv2%2Fcategories&post=631318"},{"taxonomy":"post_tag","embeddable":true,"href":"https:\/\/www.diarioimagen.net\/index.php?rest_route=%2Fwp%2Fv2%2Ftags&post=631318"}],"curies":[{"name":"wp","href":"https:\/\/api.w.org\/{rel}","templated":true}]}}