{"id":631320,"date":"2024-08-28T00:03:31","date_gmt":"2024-08-28T06:03:31","guid":{"rendered":"https:\/\/www.diarioimagen.net\/?p=631320"},"modified":"2024-08-28T02:02:53","modified_gmt":"2024-08-28T08:02:53","slug":"entrega-el-gobierno-mexiquense-utiles-escolares-de-manera-gratuita","status":"publish","type":"post","link":"https:\/\/www.diarioimagen.net\/?p=631320","title":{"rendered":"Entrega el gobierno mexiquense \u00fatiles escolares de manera gratuita"},"content":{"rendered":"<p>&nbsp;<\/p>\n<p><a href=\"https:\/\/www.diarioimagen.net\/?attachment_id=631422\" rel=\"attachment wp-att-631422\"><img loading=\"lazy\" decoding=\"async\" class=\"aligncenter size-full wp-image-631422\" src=\"https:\/\/www.diarioimagen.net\/wp-content\/uploads\/2024\/08\/entrega-gobierno-mexiquense.jpg\" alt=\"\" width=\"460\" height=\"270\" srcset=\"https:\/\/www.diarioimagen.net\/wp-content\/uploads\/2024\/08\/entrega-gobierno-mexiquense.jpg 460w, https:\/\/www.diarioimagen.net\/wp-content\/uploads\/2024\/08\/entrega-gobierno-mexiquense-240x141.jpg 240w\" sizes=\"auto, (max-width: 460px) 100vw, 460px\" \/><\/a><\/p>\n<p>&nbsp;<\/p>\n<p><strong>Toluca, Estado de M\u00e9xico.\u2014 <\/strong>Con la representaci\u00f3n de la gobernadora Delfina G\u00f3mez \u00c1lvarez, integrantes del gabinete del gobierno del Estado de M\u00e9xico acudieron al inicio del Ciclo Escolar 2024-2025, donde entregaron libros de texto gratuitos y \u00fatiles escolares para el bienestar a los 2.8 millones de alumnos de educaci\u00f3n b\u00e1sica que regresaron a las aulas en territorio mexiquense.<\/p>\n<p>En ceremonias simult\u00e1neas en los 125 municipios de la entidad, Secretarias y Secretarios estatales destacaron que la educaci\u00f3n es el motor del Gobierno que encabeza la Maestra Delfina G\u00f3mez \u00c1lvarez y bajo la filosof\u00eda de El Poder de Servir trabajan de manera coordinada para avanzar en la trasformaci\u00f3n del sistema educativo para garantizar una educaci\u00f3n de calidad alineada a la nueva escuela mexicana.<\/p>\n<p>De igual forma agradecieron a las madres y padres de familia por ser aliados en este proceso para dotar a las nuevas generaciones de mexiquenses de las herramientas que contribuir\u00e1n al progreso de la entidad.<\/p>\n","protected":false},"excerpt":{"rendered":"<p>Con la representaci\u00f3n de la gobernadora Delfina G\u00f3mez \u00c1lvarez, integrantes del gabinete del gobierno del Estado de M\u00e9xico acudieron al inicio del Ciclo Escolar 2024-2025, donde entregaron libros de texto gratuitos y \u00fatiles escolares para el bienestar a los 2.8 millones de alumnos de educaci\u00f3n b\u00e1sica que regresaron a las aulas en territorio mexiquense.<\/p>\n","protected":false},"author":3,"featured_media":631422,"comment_status":"open","ping_status":"open","sticky":false,"template":"","format":"standard","meta":{"_monsterinsights_skip_tracking":false,"_monsterinsights_sitenote_active":false,"_monsterinsights_sitenote_note":"","_monsterinsights_sitenote_category":0,"footnotes":""},"categories":[5],"tags":[100698,43675,452],"class_list":["post-631320","post","type-post","status-publish","format-standard","has-post-thumbnail","hentry","category-estado-de-mexico","tag-ciclo-escolar-2024-2025-utiles","tag-estado-de-mexico","tag-toluca"],"_links":{"self":[{"href":"https:\/\/www.diarioimagen.net\/index.php?rest_route=\/wp\/v2\/posts\/631320","targetHints":{"allow":["GET"]}}],"collection":[{"href":"https:\/\/www.diarioimagen.net\/index.php?rest_route=\/wp\/v2\/posts"}],"about":[{"href":"https:\/\/www.diarioimagen.net\/index.php?rest_route=\/wp\/v2\/types\/post"}],"author":[{"embeddable":true,"href":"https:\/\/www.diarioimagen.net\/index.php?rest_route=\/wp\/v2\/users\/3"}],"replies":[{"embeddable":true,"href":"https:\/\/www.diarioimagen.net\/index.php?rest_route=%2Fwp%2Fv2%2Fcomments&post=631320"}],"version-history":[{"count":0,"href":"https:\/\/www.diarioimagen.net\/index.php?rest_route=\/wp\/v2\/posts\/631320\/revisions"}],"wp:featuredmedia":[{"embeddable":true,"href":"https:\/\/www.diarioimagen.net\/index.php?rest_route=\/wp\/v2\/media\/631422"}],"wp:attachment":[{"href":"https:\/\/www.diarioimagen.net\/index.php?rest_route=%2Fwp%2Fv2%2Fmedia&parent=631320"}],"wp:term":[{"taxonomy":"category","embeddable":true,"href":"https:\/\/www.diarioimagen.net\/index.php?rest_route=%2Fwp%2Fv2%2Fcategories&post=631320"},{"taxonomy":"post_tag","embeddable":true,"href":"https:\/\/www.diarioimagen.net\/index.php?rest_route=%2Fwp%2Fv2%2Ftags&post=631320"}],"curies":[{"name":"wp","href":"https:\/\/api.w.org\/{rel}","templated":true}]}}