{"id":631335,"date":"2024-08-28T00:07:11","date_gmt":"2024-08-28T06:07:11","guid":{"rendered":"https:\/\/www.diarioimagen.net\/?p=631335"},"modified":"2024-08-28T23:27:55","modified_gmt":"2024-08-29T05:27:55","slug":"la-gobernadora-delfina-gomez-alvarez-supervisa-obras-del-colector-en-chalco","status":"publish","type":"post","link":"https:\/\/www.diarioimagen.net\/?p=631335","title":{"rendered":"La gobernadora Delfina\u00a0G\u00f3mez \u00c1lvarez supervisa obras del Colector en Chalco"},"content":{"rendered":"<p>&nbsp;<\/p>\n<h2 style=\"text-align: center;\">Sexto recorrido de la mandataria estatal<\/h2>\n<p>&nbsp;<\/p>\n<ul>\n<li><strong><em>Se mantiene en la primera l\u00ednea de atenci\u00f3n a vecinos afectados por las lluvias<\/em><\/strong><\/li>\n<\/ul>\n<p>&nbsp;<\/p>\n<div id=\"attachment_631428\" style=\"width: 470px\" class=\"wp-caption aligncenter\"><a href=\"https:\/\/www.diarioimagen.net\/?attachment_id=631428\" rel=\"attachment wp-att-631428\"><img loading=\"lazy\" decoding=\"async\" aria-describedby=\"caption-attachment-631428\" class=\"size-full wp-image-631428\" src=\"https:\/\/www.diarioimagen.net\/wp-content\/uploads\/2024\/08\/gobernadora-delfina-supervisa.jpg\" alt=\"\" width=\"460\" height=\"270\" srcset=\"https:\/\/www.diarioimagen.net\/wp-content\/uploads\/2024\/08\/gobernadora-delfina-supervisa.jpg 460w, https:\/\/www.diarioimagen.net\/wp-content\/uploads\/2024\/08\/gobernadora-delfina-supervisa-240x141.jpg 240w\" sizes=\"auto, (max-width: 460px) 100vw, 460px\" \/><\/a><p id=\"caption-attachment-631428\" class=\"wp-caption-text\">Delfina G\u00f3mez \u00c1lvarez mantiene atenci\u00f3n permanente a los habitantes afectados por las lluvias en Chalco, a quienes refrend\u00f3 el apoyo total de su administraci\u00f3n.<\/p><\/div>\n<p>&nbsp;<\/p>\n<p><strong>Chalco, Estado de M\u00e9xico.\u2014<\/strong> La gobernadora del Estado de M\u00e9xico, Delfina G\u00f3mez \u00c1lvarez mantiene atenci\u00f3n permanente a los habitantes afectados por las lluvias en Chalco, a quienes refrend\u00f3 el apoyo de su administraci\u00f3n y por tercer d\u00eda consecutivo supervisa las labores de rescate del sistema de drenaje de este municipio.<\/p>\n<p>Acompa\u00f1ada por vecinos de las colonias Culturas de M\u00e9xico y Jacalones, la mandataria estatal recorri\u00f3 las obras del Colector Solidaridad, donde comparti\u00f3 con los vecinos que esta intervenci\u00f3n inmediata permitir\u00e1 recuperar\u00e1 la capacidad de desalojo de agua y se solucionar\u00e1n los hundimientos del terreno que no permiten la infiltraci\u00f3n de agua y lo hacen propicio a inundaciones recurrentes.<\/p>\n<p>En su sexta visita, la gobernadora Delfina G\u00f3mez \u00c1lvarez supervis\u00f3 las acciones de salud y limpieza de calles, que suman m\u00e1s 63 mil acciones, como consulta m\u00e9dica y dental; servicio de farmacia, laboratorio cl\u00ednico, Rayos X, optometr\u00eda, densitometr\u00eda, ultrasonido p\u00e9lvico-obst\u00e9trico abdominal, atenci\u00f3n m\u00e9dico-veterinario y resguardo de mascotas.<\/p>\n<p>En el municipio de Chalco se mantiene el despliegue de elementos, personal y brigadistas, as\u00ed como equipo especializado con jornadas permanentes de desazolve, limpieza, salud, vacunaci\u00f3n, seguridad y distribuci\u00f3n de alimentos y agua.<\/p>\n","protected":false},"excerpt":{"rendered":"<p>La gobernadora del Estado de M\u00e9xico, Delfina G\u00f3mez \u00c1lvarez mantiene atenci\u00f3n permanente a los habitantes afectados por las lluvias en Chalco, a quienes refrend\u00f3 el apoyo de su administraci\u00f3n y por tercer d\u00eda consecutivo supervisa las labores de rescate del sistema de drenaje de este municipio.<\/p>\n","protected":false},"author":3,"featured_media":631428,"comment_status":"open","ping_status":"open","sticky":false,"template":"","format":"standard","meta":{"_monsterinsights_skip_tracking":false,"_monsterinsights_sitenote_active":false,"_monsterinsights_sitenote_note":"","_monsterinsights_sitenote_category":0,"footnotes":""},"categories":[5,99730],"tags":[98477,57859,43675,47553],"class_list":["post-631335","post","type-post","status-publish","format-standard","has-post-thumbnail","hentry","category-estado-de-mexico","category-edomex","tag-chaco","tag-delfina-gomez-alvarez","tag-estado-de-mexico","tag-recorrido"],"_links":{"self":[{"href":"https:\/\/www.diarioimagen.net\/index.php?rest_route=\/wp\/v2\/posts\/631335","targetHints":{"allow":["GET"]}}],"collection":[{"href":"https:\/\/www.diarioimagen.net\/index.php?rest_route=\/wp\/v2\/posts"}],"about":[{"href":"https:\/\/www.diarioimagen.net\/index.php?rest_route=\/wp\/v2\/types\/post"}],"author":[{"embeddable":true,"href":"https:\/\/www.diarioimagen.net\/index.php?rest_route=\/wp\/v2\/users\/3"}],"replies":[{"embeddable":true,"href":"https:\/\/www.diarioimagen.net\/index.php?rest_route=%2Fwp%2Fv2%2Fcomments&post=631335"}],"version-history":[{"count":0,"href":"https:\/\/www.diarioimagen.net\/index.php?rest_route=\/wp\/v2\/posts\/631335\/revisions"}],"wp:featuredmedia":[{"embeddable":true,"href":"https:\/\/www.diarioimagen.net\/index.php?rest_route=\/wp\/v2\/media\/631428"}],"wp:attachment":[{"href":"https:\/\/www.diarioimagen.net\/index.php?rest_route=%2Fwp%2Fv2%2Fmedia&parent=631335"}],"wp:term":[{"taxonomy":"category","embeddable":true,"href":"https:\/\/www.diarioimagen.net\/index.php?rest_route=%2Fwp%2Fv2%2Fcategories&post=631335"},{"taxonomy":"post_tag","embeddable":true,"href":"https:\/\/www.diarioimagen.net\/index.php?rest_route=%2Fwp%2Fv2%2Ftags&post=631335"}],"curies":[{"name":"wp","href":"https:\/\/api.w.org\/{rel}","templated":true}]}}