{"id":631341,"date":"2024-08-28T00:01:52","date_gmt":"2024-08-28T06:01:52","guid":{"rendered":"https:\/\/www.diarioimagen.net\/?p=631341"},"modified":"2024-08-28T01:52:28","modified_gmt":"2024-08-28T07:52:28","slug":"el-ano-pasado-en-colima-llegamos-casi-a-5-mil-millones-de-pesos-en-derrama-economica-jorge-padilla-subsecretario-de-turismo-de-la-entidad","status":"publish","type":"post","link":"https:\/\/www.diarioimagen.net\/?p=631341","title":{"rendered":"\u201cEl a\u00f1o pasado en Colima llegamos casi a 5 mil millones de pesos en derrama econ\u00f3mica\u201d, Jorge Padilla, subsecretario de Turismo de la entidad"},"content":{"rendered":"<h2>De cinco estrellas<\/h2>\n<h5>Victoria Gonz\u00e1lez Prado<\/h5>\n<p>&nbsp;<\/p>\n<ul>\n<li><strong><em>Incrementar\u00e1n conectividad a\u00e9rea desde Atlanta, Georgia y Los \u00c1ngeles, California<\/em><\/strong><\/li>\n<\/ul>\n<p>&nbsp;<\/p>\n<div id=\"attachment_631395\" style=\"width: 470px\" class=\"wp-caption aligncenter\"><a href=\"https:\/\/www.diarioimagen.net\/?attachment_id=631395\" rel=\"attachment wp-att-631395\"><img loading=\"lazy\" decoding=\"async\" aria-describedby=\"caption-attachment-631395\" class=\"size-full wp-image-631395\" src=\"https:\/\/www.diarioimagen.net\/wp-content\/uploads\/2024\/08\/turismo-estrellas-10.jpg\" alt=\"\" width=\"460\" height=\"270\" srcset=\"https:\/\/www.diarioimagen.net\/wp-content\/uploads\/2024\/08\/turismo-estrellas-10.jpg 460w, https:\/\/www.diarioimagen.net\/wp-content\/uploads\/2024\/08\/turismo-estrellas-10-240x141.jpg 240w\" sizes=\"auto, (max-width: 460px) 100vw, 460px\" \/><\/a><p id=\"caption-attachment-631395\" class=\"wp-caption-text\">Jorge Padilla Castillo.<\/p><\/div>\n<p>&nbsp;<\/p>\n<p>\u201cEl a\u00f1o pasado en Colima llegamos casi a 5 mil millones de pesos en derrama econ\u00f3mica, para este a\u00f1o, y bas\u00e1ndose en las proyecciones actuales, se espera alcanzar los 5 mil 100 millones de pesos, hasta julio, que es donde tenemos nuestro cierre m\u00e1s reciente, ya alcanzamos 51 por ciento en ocupaci\u00f3n hotelera. Cuando recibimos el destino el promedio era del 37 por ciento de ocupaci\u00f3n\u201d, asegur\u00f3 <strong>Jorge Padilla Castillo<\/strong>, subsecretario estatal de Turismo.<\/p>\n<p>Acompa\u00f1ado por <strong>Laura Gomez<\/strong>, directora del Fideicomiso de Promoci\u00f3n Tur\u00edstica y comitiva de representantes del estado, el subsecretario de Turismo detall\u00f3, <em>\u201cAirbnb<\/em> utiliza los recursos del estado y se beneficia de la promoci\u00f3n que hacemos con el fideicomiso, que se financia con los impuestos generados por los hoteles. Por lo tanto, es justo que contribuyan tambi\u00e9n al desarrollo tur\u00edstico\u201d.<\/p>\n<p>Este nuevo impuesto, que implica 3 por ciento sobre el hospedaje, al igual que en el sector hotelero tradicional, permitir\u00e1 aumentar los fondos del fideicomiso de turismo de Colima entre 5 y 7 millones de pesos cada a\u00f1o. El fideicomiso de turismo gener\u00f3 26 millones de pesos en el 2023, exclusivamente de la actividad hotelera.<\/p>\n<p>\u201cLos nuevos recursos de <em>Airbnb<\/em> ser\u00e1n inyecciones de dinero fresco que podremos utilizar para mejorar la promoci\u00f3n del estado, lo que a su vez atraer\u00e1 m\u00e1s visitantes\u201d, indic\u00f3.<\/p>\n<p><em>Airbnb<\/em> actualmente opera entre 900 y mil 200 propiedades en Colima, fluctuando seg\u00fan la temporada y la demanda. Esta participaci\u00f3n representa un ingreso considerable que antes no se capitalizaba en t\u00e9rminos de impuestos. Al respecto el subsecretario indic\u00f3 que \u201cla incorporaci\u00f3n de <em>Airbnb<\/em> tambi\u00e9n responde a las demandas de los hoteleros, quienes han tributado responsablemente durante a\u00f1os y buscaban equidad en el tratamiento fiscal\u201d.<\/p>\n<p>La integraci\u00f3n de <em>Airbnb<\/em> no se limitar\u00e1 s\u00f3lo a la tributaci\u00f3n, Colima tambi\u00e9n planea aprovechar el ecosistema de experiencias de la plataforma para promover el estado.<\/p>\n<p>\u201cEncontramos buena disposici\u00f3n de <em>Airbnb<\/em> para trabajar con nosotros, para construir campa\u00f1as conjuntas. No s\u00f3lo se trata de que tributen, sino de aprovechar su capacidad de atraer turistas para potenciar la imagen y el atractivo de Colima\u201d, indic\u00f3 <strong>Padilla Castillo<\/strong>.<\/p>\n<p>En la estrategia tur\u00edstica de Colima sobresale la incorporaci\u00f3n de plataformas digitales como <em>Airbnb<\/em> en el ecosistema de promoci\u00f3n y tributaci\u00f3n del estado y asegur\u00f3 que la entidad apuesta por modelo de turismo sustentable \u201ciniciativa crucial para monitorear el sector tur\u00edstico y facilitar la toma de decisiones informadas, ya que este observatorio permitir\u00e1 la planificaci\u00f3n y creaci\u00f3n de estrategias que impulsen el turismo, beneficiando tanto al sector privado como a la sociedad en general\u201d, indic\u00f3 el Subsecretario de Turismo de Colima.<\/p>\n<p>Guanajuato es un modelo a seguir en innovaci\u00f3n tur\u00edstica, y \u201cM\u00e9xico tiene mucho que aprender\u201d, subray\u00f3. El Observatorio Tur\u00edstico de Colima ya obtuvo sus primeros datos durante las vacaciones de Semana Santa, y \u201cpor primera vez, este verano Colima contar\u00e1 con observatorio de car\u00e1cter p\u00fablico\u201d para entender a los distintos visitantes de la entidad.<\/p>\n<p>El Instituto para el Medio Ambiente y Desarrollo Sustentable de Colima es el ente encargado de las mediciones obtenidas del sector tur\u00edstico, pero tambi\u00e9n de la actividad en torno al puerto de Manzanillo, uno de los mayores movilizadores de carga del pa\u00eds, considerado motor econ\u00f3mico, pero tambi\u00e9n un gran desaf\u00edo en temas medioambientales, \u201cno podemos lograr un cambio significativo sin la cooperaci\u00f3n de todos los actores involucrados en la cadena de valor del turismo\u201d, explic\u00f3 <strong>Jorge<\/strong> <strong>Padilla<\/strong>.<\/p>\n<p>Mencion\u00f3 la buena relaci\u00f3n con las empresas portuarias de Manzanillo, con las que entablaron di\u00e1logo en esta apuesta por el cuidado del medio ambiente, \u201cmedir y sumar voluntades es la primera acci\u00f3n para avanzar en sostenibilidad\u201d.<\/p>\n<p>El an\u00e1lisis del Observatorio permitir\u00e1 a las autoridades y a las empresas del sector tomar decisiones informadas y adoptar pr\u00e1cticas que reduzcan su huella de carbono, \u201cel objetivo es tener un diagn\u00f3stico claro de la situaci\u00f3n ambiental y establecer estrategias que nos permitan avanzar hacia un turismo m\u00e1s responsable y sustentable\u201d.<\/p>\n<p>Este enfoque colaborativo permitir\u00e1 implementar pol\u00edticas m\u00e1s robustas y ajustadas a las necesidades y realidades del sector tur\u00edstico local, \u201cqueremos que Colima sea un referente en turismo sustentable a nivel nacional e internacional, y el Observatorio Tur\u00edstico es una herramienta fundamental para alcanzar esa meta\u201d.<\/p>\n<p>Respecto a la derrama econ\u00f3mica, las cifras tambi\u00e9n son alentadoras:<\/p>\n<p>A partir de octubre, el fideicomiso para la promoci\u00f3n tur\u00edstica empezar\u00e1 a recibir ingresos del Impuesto sobre Hospedaje (ISH) por parte de la aplicaci\u00f3n, un actor importante en el sector tur\u00edstico que, hasta ahora, no contribu\u00eda fiscalmente a trav\u00e9s de este mecanismo.<\/p>\n<p>El a\u00f1o pasado (2023) se cerr\u00f3 con cifras hist\u00f3ricas con 50 por ciento de ocupaci\u00f3n hotelera durante todo el a\u00f1o, \u201cporcentaje incluye picos de hasta el 95 por ciento en semanas de temporada alta, superando por primera vez el mill\u00f3n y medio de visitantes equivalente a 34 por ciento m\u00e1s que en el a\u00f1o 2021, \u201cn\u00fameros que demuestran el potencial y crecimiento del estado de Colima\u201d.<\/p>\n<p>Esta administraci\u00f3n pretende tomar al turismo como oportunidad para el desarrollo econ\u00f3mico de la entidad, \u201ctenemos muy claro que las decisiones de negocio se toman con base en n\u00fameros, y en ese sentido nos enfocamos directamente en mejorar los principales \u00edndices del destino, como la derrama econ\u00f3mica, la ocupaci\u00f3n hotelera y el n\u00famero de visitantes\u201d, afirm\u00f3 el funcionario estatal.<\/p>\n<p>Durante la conferencia, dio a conocer tambi\u00e9n las nuevas conexiones a\u00e9reas internacionales con el vuelo directo entre Atlanta, Georgia; que comenzar\u00e1 operaciones el pr\u00f3ximo 2 de noviembre y el vuelo Los \u00c1ngeles-Manzanillo que arrancar\u00e1 el 2 de diciembre, ambos operados por <em>Aerom\u00e9xico<\/em> en alianza comercial con <em>Delta Airlines<\/em>; que brindar\u00e1n la oportunidad para mejorar la conectividad a\u00e9rea entre Estados Unidos y la capital econ\u00f3mica del estado.<\/p>\n<p>Resalt\u00f3 la reciente inversi\u00f3n de 15 mil 432.2 millones de pesos en el Corredor Log\u00edstico Carretero de Colima, \u201cmodernizaci\u00f3n que permitir\u00e1 el desarrollo tur\u00edstico de la localidad, ya que m\u00e1s del 90 por ciento del turismo en Colima llega por carretera, lo que hace vital la modernizaci\u00f3n del corredor log\u00edstico, junto a la expansi\u00f3n de la terminal de cruceros de Manzanillo, la \u00fanica en M\u00e9xico que se encuentra frente al centro hist\u00f3rico, y tendr\u00e1 una importante capacidad para recibir cruceros simult\u00e1neamente\u201d dijo <strong>Jorge Castillo Padilla<\/strong>.<\/p>\n<p>Colima ya est\u00e1 listo para su participaci\u00f3n en Tianguis de Pueblos M\u00e1gicos, uno de los escaparates m\u00e1s relevantes para mostrar la belleza de sus tres Pueblos M\u00e1gicos; as\u00ed como su participaci\u00f3n en <em>Expedia Cruises<\/em> y <em>Vancouver Wedding &amp; Honeymoon Expo.<\/em><\/p>\n<p>Colima, rodeado de monta\u00f1as, volcanes nevados, r\u00edos, lagunas y playas tambi\u00e9n se encuentra listo para recibir eventos de relevancia internacional que incentivar\u00e1n el turismo en los \u00faltimos meses de a\u00f1o con:<\/p>\n<p><em>Laguer Fest 2024, <\/em>evento especial para conocer el movimiento de cerveza artesanal de Colima, que se complementar\u00e1 con m\u00fasica, gastronom\u00eda, 13 cerveceras artesanales, charlas informativas y recorridos por la zona los d\u00edas 17 y 18 de noviembre en el Parque Ecol\u00f3gico La Campana.<\/p>\n<p><em>Open DH Colima 2024<\/em>: Campeonato nacional donde ciclistas de monta\u00f1a de todo el mundo se dan cita para descender de pistas especializadas, realizar saltos y obst\u00e1culos con las mejores vistas de la regi\u00f3n.<\/p>\n<p>Rally Colima 2024: pr\u00f3xima competencia nacional donde pilotos nacionales e internacionales se re\u00fanen para vivir las m\u00e1s vibrantes emociones y desaf\u00edos extremos, del 21 al 23 noviembre. Tan s\u00f3lo en 2023 reuni\u00f3 a 7 mil 900 personas.<\/p>\n<p>Manzanillo se ilumina: gran celebraci\u00f3n para festejar el A\u00f1o Nuevo en la belleza del Pac\u00edfico mexicano, donde m\u00e1s de 120 mil personas se unen para compartir y cerrar el a\u00f1o viejo a lo largo de la bah\u00eda de Manzanillo.<\/p>\n<p>Por \u00faltimo, la presentaci\u00f3n cerr\u00f3 con los atractivos de la regi\u00f3n como Comala, pueblo m\u00e1gico con rica tradici\u00f3n gastron\u00f3mica de famosas botanas y ponches y punto de partida para explorar el Volc\u00e1n de Fuego, cuyas vistas dominan el paisaje; Manzanillo, conocido principalmente por ser uno de los puertos m\u00e1s importantes de M\u00e9xico es popular destino tur\u00edstico de playa; Cuyutl\u00e1n, imperdible por sus salinas, donde se produce sal de manera artesanal.<\/p>\n<p>La reuni\u00f3n concluy\u00f3 con un delicioso y tradicional ceviche de pescado acompa\u00f1ado por cerveza artesanal conmemorativa por los 500 a\u00f1os de Colima y para el final un exquisito flan.<\/p>\n<p>&nbsp;<\/p>\n<blockquote>\n<p style=\"text-align: right;\">\u201c<strong>El<\/strong> <strong>\u00e1ngel de la fama tiene sus alas hechas de papel&#8230; peri\u00f3dico\u201d.<br \/>\n<\/strong><\/p>\n<\/blockquote>\n<p>&nbsp;<\/p>\n<p><em><span class=\"Apple-converted-space\"><a href=\"mailto:victoriagprado@gmail.com\" target=\"_blank\" rel=\"noopener noreferrer\">victoriagprado@gmail.com<\/a><br \/>\nX: @victoriagprado<\/span><\/em><\/p>\n","protected":false},"excerpt":{"rendered":"<p>\u201cEl a\u00f1o pasado en Colima llegamos casi a 5 mil millones de pesos en derrama econ\u00f3mica, para este a\u00f1o, y bas\u00e1ndose en las proyecciones actuales, se espera alcanzar los 5 mil 100 millones de pesos, hasta julio, que es donde tenemos nuestro cierre m\u00e1s reciente, ya alcanzamos 51 por ciento en ocupaci\u00f3n hotelera. Cuando recibimos el destino el promedio era del 37 por ciento de ocupaci\u00f3n\u201d, asegur\u00f3 <strong>Jorge Padilla Castillo<\/strong>, subsecretario estatal de Turismo.<\/p>\n","protected":false},"author":3,"featured_media":631395,"comment_status":"open","ping_status":"open","sticky":false,"template":"","format":"standard","meta":{"_monsterinsights_skip_tracking":false,"_monsterinsights_sitenote_active":false,"_monsterinsights_sitenote_note":"","_monsterinsights_sitenote_category":0,"footnotes":""},"categories":[11],"tags":[107,43674,43681,106],"class_list":["post-631341","post","type-post","status-publish","format-standard","has-post-thumbnail","hentry","category-turismo","tag-de-cinco-estrellas","tag-opinion","tag-turismo","tag-victoria-gonzalez-prado"],"_links":{"self":[{"href":"https:\/\/www.diarioimagen.net\/index.php?rest_route=\/wp\/v2\/posts\/631341","targetHints":{"allow":["GET"]}}],"collection":[{"href":"https:\/\/www.diarioimagen.net\/index.php?rest_route=\/wp\/v2\/posts"}],"about":[{"href":"https:\/\/www.diarioimagen.net\/index.php?rest_route=\/wp\/v2\/types\/post"}],"author":[{"embeddable":true,"href":"https:\/\/www.diarioimagen.net\/index.php?rest_route=\/wp\/v2\/users\/3"}],"replies":[{"embeddable":true,"href":"https:\/\/www.diarioimagen.net\/index.php?rest_route=%2Fwp%2Fv2%2Fcomments&post=631341"}],"version-history":[{"count":0,"href":"https:\/\/www.diarioimagen.net\/index.php?rest_route=\/wp\/v2\/posts\/631341\/revisions"}],"wp:featuredmedia":[{"embeddable":true,"href":"https:\/\/www.diarioimagen.net\/index.php?rest_route=\/wp\/v2\/media\/631395"}],"wp:attachment":[{"href":"https:\/\/www.diarioimagen.net\/index.php?rest_route=%2Fwp%2Fv2%2Fmedia&parent=631341"}],"wp:term":[{"taxonomy":"category","embeddable":true,"href":"https:\/\/www.diarioimagen.net\/index.php?rest_route=%2Fwp%2Fv2%2Fcategories&post=631341"},{"taxonomy":"post_tag","embeddable":true,"href":"https:\/\/www.diarioimagen.net\/index.php?rest_route=%2Fwp%2Fv2%2Ftags&post=631341"}],"curies":[{"name":"wp","href":"https:\/\/api.w.org\/{rel}","templated":true}]}}