{"id":631343,"date":"2024-08-28T00:00:23","date_gmt":"2024-08-28T06:00:23","guid":{"rendered":"https:\/\/www.diarioimagen.net\/?p=631343"},"modified":"2024-08-28T01:14:42","modified_gmt":"2024-08-28T07:14:42","slug":"el-padre-fundador","status":"publish","type":"post","link":"https:\/\/www.diarioimagen.net\/?p=631343","title":{"rendered":"El padre fundador"},"content":{"rendered":"<h2>Los Pozos de Carlos Pozos<\/h2>\n<h5>Carlos Pozos<br \/>\n[ <em>Lord Mol\u00e9cula<\/em> ]<\/h5>\n<p>&nbsp;<\/p>\n<p>Para la gran mayor\u00eda de mexicanas y mexicanos, <strong>Francisco I. Madero<\/strong> es considerado el padre de la Revoluci\u00f3n Mexicana, que comenz\u00f3 el 20 de noviembre de 1910 con un levantamiento contra el presidente <strong>Porfirio D\u00edaz<\/strong>, historia que escuchamos en varias ocasiones en el ejercicio de comunicaci\u00f3n circular que se da en el Sal\u00f3n Tesorer\u00eda de Palacio Nacional, en donde se dijo por parte de un gran conocedor de la historia mexicana, que <strong>Madero<\/strong> se opon\u00eda a la reelecci\u00f3n de <strong>D\u00edaz<\/strong>, quien hab\u00eda gobernado el pa\u00eds durante m\u00e1s de treinta a\u00f1os.<\/p>\n<p>Y conocemos ahora que durante su presidencia (1911-1913) <strong>Madero<\/strong> modific\u00f3 la Constituci\u00f3n Mexicana para prohibir las reelecciones del presidente y vicepresidente.<\/p>\n<p>Esta <strong>cuarta transformaci\u00f3n sin violencia<\/strong> se da oficialmente el 1 de diciembre del a\u00f1o 2018, cuando el <strong>Presidente de M\u00e9xico, Andr\u00e9s Manuel L\u00f3pez Obrador<\/strong>, porta en el pecho la banda presidencial, entregada luego de m\u00e1s de 70 a\u00f1os de poder hegem\u00f3nico del PRI en el siglo XX; y luego, en el siglo XXI, los aliancistas del PRIAN intentaron volver a tener la hegemon\u00eda en este naciente siglo en curso.<\/p>\n<p>En el nuevo Movimiento de Regeneraci\u00f3n Nacional (Morena), que es un fen\u00f3meno pol\u00edtico, la cohesi\u00f3n se hace evidente al tener en menos de una d\u00e9cada 23 estados gobernados por esta fuerza pol\u00edtica, as\u00ed como una mayor\u00eda en la C\u00e1mara de Diputados y, por dos senadores, sucede lo mismo en la C\u00e1mara alta.<\/p>\n<p>Hoy, militantes, simpatizantes y hasta opositores reconocen esa gran disciplina y lealtad que hay dentro de las filas de Morena, en donde todos, todas y todes reconocen a <strong>L\u00f3pez Obrador<\/strong> como el padre fundador de ese movimiento, y que desaparecer\u00e1 dentro de 35 d\u00edas, el mi\u00e9rcoles 2 de octubre, luego de la transici\u00f3n del Poder Ejecutivo federal. <strong>AMLO <\/strong>ya no estar\u00e1 en \u201clas ma\u00f1aneras\u201d, ya no estar\u00e1 en las inauguraciones de obras de infraestructura, o bien ya no estar\u00e1 en las distintas redes sociales. S\u00f3lo quedar\u00e1 para su an\u00e1lisis lo realizado, bien o mal, como todos los sexenios anteriores.<\/p>\n<p>La siguiente administraci\u00f3n del segundo piso de la Cuarta Transformaci\u00f3n, al frente de la primera <strong>presidenta de M\u00e9xico, Claudia Sheinbaum Pardo<\/strong>, tendr\u00e1 que imprimirle su propio liderazgo; y con ella, otros hombres y mujeres deber\u00e1n \u2014desde el gabinete legal y ampliado\u2014 ser generadores de acciones, obras, pensamiento y contenido de comunicaci\u00f3n en una arquitectura ordenada y disciplinada, ahora con la ayuda de comunicados de prensa o boletines de prensa, que en esta administraci\u00f3n que termina fueron poco ocupados por las direcciones de comunicaci\u00f3n social del gobierno federal, que no desaparecieron como se anunci\u00f3 en su momento.<\/p>\n<p>Al inicio de la siguiente administraci\u00f3n estimo que esos liderazgos, ser\u00e1n con cierto margen de autonom\u00eda, que muy pocos tuvieron en la gesti\u00f3n que concluye. Muchas y muchos dudan que el a\u00fan <strong>Presidente de M\u00e9xico, L\u00f3pez Obrador<\/strong>, estar\u00e1 fuera de la escena pol\u00edtica, a pesar de que en repetidas ocasiones lo ha dicho; y a este tecleador le neg\u00f3 el jugar una partida de domin\u00f3 en su quinta de Palenque, Chiapas, pues nos expres\u00f3 que se retirar\u00eda a vivir en la soledad de sus pensamientos y sus recuerdos.<\/p>\n<p>El estar fuera de la escena pol\u00edtica generar\u00e1 que se d\u00e9 m\u00e1s r\u00e1pidamente la consolidaci\u00f3n de su leyenda, la construcci\u00f3n del mito del lopezobradorismo. La gran mayor\u00eda de personas sabemos que en la formaci\u00f3n de un personaje legendario ayuda much\u00edsimo el misterio, el rumor; que el personaje est\u00e9 en la oscuridad y que no se le vea m\u00e1s.<\/p>\n<p>Apenas el pasado 10 de julio del a\u00f1o en curso, en mi intervenci\u00f3n, le pregunt\u00e9 al <strong>Presidente de todos los mexicanos<\/strong>: \u201c\u00bfCu\u00e1les son las razones que cree que cumplir\u00e1 con su objetivo para pasar a la historia como uno de los mejores presidentes de M\u00e9xico?\u201d, a lo que me contest\u00f3: \u201cEso lo decidir\u00e1 la gente\u201d, sin embargo, afirm\u00f3 que se est\u00e1n viviendo tiempo hist\u00f3ricos, pues tras la victoria <strong>de Claudia Sheinbaum Pardo<\/strong> en los comicios del 2 de junio, ser\u00e1 la primera Presidenta de M\u00e9xico despu\u00e9s de siglos en que hombres ocuparan el poder, desde virreyes durante el dominio colonial y despu\u00e9s en el M\u00e9xico independiente.<\/p>\n<p>Con todo respeto, desde este espacio considero que el actual <strong>presidente de M\u00e9xico, Andr\u00e9s Manuel L\u00f3pez Obrador<\/strong>, es el \u201cpadre fundador\u201d de la 4T, quien le dijo al autor de esta columna: \u201cOtro de los cambios que ocurri\u00f3 con el movimiento de transformaci\u00f3n, fue la importancia del pueblo como actor principal, ya que muchos de los proyectos que fueron realizados a lo largo de mi sexenio, fueron consultados, para beneficio del pueblo\u201d.<\/p>\n<p>Lectores todos, considero que a partir del mi\u00e9rcoles 2 de octubre emerge en este gran pa\u00eds la figura del padre fundador de la Cuarta Transformaci\u00f3n, <strong>Andr\u00e9s Manuel L\u00f3pez Obrador<\/strong>\u2026 Hasta aqu\u00ed con Los Pozos de Carlos Pozos. Y si desean que le haga su pregunta al Presidente de M\u00e9xico en la conferencia de prensa \u201cma\u00f1anera\u201d, por favor h\u00e1ganmela llegar al correo: <a href=\"mailto:lordmolecularedaccion@gmail.com\" target=\"_blank\" rel=\"noopener\"><em>lordmolecularedaccion@gmail.com<\/em><\/a>, v\u00eda <em>X<\/em> a: <a href=\"https:\/\/twitter.com\/lordmolecula?ref_src=twsrc%5Egoogle%7Ctwcamp%5Eserp%7Ctwgr%5Eauthor\" target=\"_blank\" rel=\"noopener\"><em>@lordmoleculaoficial<\/em><\/a>, o bien, visiten nuestro portal <em><a href=\"https:\/\/www.lordmoleculaoficial.com\/\" target=\"_blank\" rel=\"noopener\">https:\/\/www.lordmoleculaoficial.com<\/a><\/em>, as\u00ed como tambi\u00e9n pueden ver mi Canal <a href=\"https:\/\/www.youtube.com\/channel\/UC0WxwnD6D67eYwmmRWQnOEg\" target=\"_blank\" rel=\"noopener\"><em>Lord Mol\u00e9cula Oficial<\/em><\/a>.<\/p>\n","protected":false},"excerpt":{"rendered":"<p><span style=\"color: #005497;\"><strong>Carlos Pozos<\/strong><\/span><\/p>\n","protected":false},"author":3,"featured_media":0,"comment_status":"open","ping_status":"open","sticky":false,"template":"","format":"standard","meta":{"_monsterinsights_skip_tracking":false,"_monsterinsights_sitenote_active":false,"_monsterinsights_sitenote_note":"","_monsterinsights_sitenote_category":0,"footnotes":""},"categories":[97814],"tags":[97816,97815,43674],"class_list":["post-631343","post","type-post","status-publish","format-standard","hentry","category-carlos-pozos","tag-carlos-pozos","tag-los-pozos-de-carlos-pozos","tag-opinion"],"_links":{"self":[{"href":"https:\/\/www.diarioimagen.net\/index.php?rest_route=\/wp\/v2\/posts\/631343","targetHints":{"allow":["GET"]}}],"collection":[{"href":"https:\/\/www.diarioimagen.net\/index.php?rest_route=\/wp\/v2\/posts"}],"about":[{"href":"https:\/\/www.diarioimagen.net\/index.php?rest_route=\/wp\/v2\/types\/post"}],"author":[{"embeddable":true,"href":"https:\/\/www.diarioimagen.net\/index.php?rest_route=\/wp\/v2\/users\/3"}],"replies":[{"embeddable":true,"href":"https:\/\/www.diarioimagen.net\/index.php?rest_route=%2Fwp%2Fv2%2Fcomments&post=631343"}],"version-history":[{"count":0,"href":"https:\/\/www.diarioimagen.net\/index.php?rest_route=\/wp\/v2\/posts\/631343\/revisions"}],"wp:attachment":[{"href":"https:\/\/www.diarioimagen.net\/index.php?rest_route=%2Fwp%2Fv2%2Fmedia&parent=631343"}],"wp:term":[{"taxonomy":"category","embeddable":true,"href":"https:\/\/www.diarioimagen.net\/index.php?rest_route=%2Fwp%2Fv2%2Fcategories&post=631343"},{"taxonomy":"post_tag","embeddable":true,"href":"https:\/\/www.diarioimagen.net\/index.php?rest_route=%2Fwp%2Fv2%2Ftags&post=631343"}],"curies":[{"name":"wp","href":"https:\/\/api.w.org\/{rel}","templated":true}]}}