{"id":631462,"date":"2024-08-29T00:01:23","date_gmt":"2024-08-29T06:01:23","guid":{"rendered":"https:\/\/www.diarioimagen.net\/?p=631462"},"modified":"2024-09-09T22:02:19","modified_gmt":"2024-09-10T04:02:19","slug":"xochitl-galvez-y-marko-cortes-una-historia-de-dinero-y-poder","status":"publish","type":"post","link":"https:\/\/www.diarioimagen.net\/?p=631462","title":{"rendered":"X\u00f3chitl\u00a0G\u00e1lvez\u00a0y\u00a0Marko\u00a0Cort\u00e9s, una\u00a0historia\u00a0de\u00a0dinero\u00a0y\u00a0poder"},"content":{"rendered":"<p>&nbsp;<\/p>\n<h2 style=\"text-align: center;\">Vuelta a la p\u00e1gina: qued\u00f3 atr\u00e1s el reclamo<\/h2>\n<p><em>\u00a0<\/em><\/p>\n<ul>\n<li><strong><em>La voluntad humana resiste hasta que se advierte que todo se puede perder<\/em><\/strong><\/li>\n<\/ul>\n<p><strong>\u00a0<\/strong><\/p>\n<h4>Jos\u00e9 Luis Monta\u00f1ez<\/h4>\n<p>&nbsp;<\/p>\n<div id=\"attachment_631547\" style=\"width: 430px\" class=\"wp-caption aligncenter\"><a href=\"https:\/\/www.diarioimagen.net\/?attachment_id=631547\" rel=\"attachment wp-att-631547\"><img loading=\"lazy\" decoding=\"async\" aria-describedby=\"caption-attachment-631547\" class=\"wp-image-631547\" src=\"https:\/\/www.diarioimagen.net\/wp-content\/uploads\/2024\/08\/xochitl-galvez.jpg\" alt=\"\" width=\"420\" height=\"421\" srcset=\"https:\/\/www.diarioimagen.net\/wp-content\/uploads\/2024\/08\/xochitl-galvez.jpg 460w, https:\/\/www.diarioimagen.net\/wp-content\/uploads\/2024\/08\/xochitl-galvez-240x240.jpg 240w, https:\/\/www.diarioimagen.net\/wp-content\/uploads\/2024\/08\/xochitl-galvez-269x270.jpg 269w, https:\/\/www.diarioimagen.net\/wp-content\/uploads\/2024\/08\/xochitl-galvez-150x150.jpg 150w, https:\/\/www.diarioimagen.net\/wp-content\/uploads\/2024\/08\/xochitl-galvez-50x50.jpg 50w, https:\/\/www.diarioimagen.net\/wp-content\/uploads\/2024\/08\/xochitl-galvez-75x75.jpg 75w, https:\/\/www.diarioimagen.net\/wp-content\/uploads\/2024\/08\/xochitl-galvez-70x70.jpg 70w\" sizes=\"auto, (max-width: 420px) 100vw, 420px\" \/><\/a><p id=\"caption-attachment-631547\" class=\"wp-caption-text\">Se le concede la raz\u00f3n al dicho de que una imagen dice m\u00e1s que mil palabras con la fotograf\u00eda de X\u00f3chitl G\u00e1lvez y Marko Cort\u00e9s en un abrazo de reconciliaci\u00f3n.<\/p><\/div>\n<p>&nbsp;<\/p>\n<p>Si un efecto tiene el poder y el dinero es el de vencer la voluntad humana. Si uno no puede, el otro s\u00ed y hasta los m\u00e1s reacios claudican ante ellos.<\/p>\n<p>Dicen las viejas consejas que una imagen dice m\u00e1s que mil palabras y una vez m\u00e1s se le concede la raz\u00f3n cuando vemos la imagen de X\u00f3chitl G\u00e1lvez y Marko Cort\u00e9s en un fraternal abrazo.<\/p>\n<p>Y es que durante la campa\u00f1a electoral, el dinero del partido, que no flu\u00eda en la campa\u00f1a de la candidata presidencial, represent\u00f3 un punto de discordia, reclamo y alejamiento, pero la lucha por el poder tiene la virtud de reconciliarlos.<\/p>\n<p>Lo que la disputa del dinero alej\u00f3, la b\u00fasqueda del poder tuvo el efecto de hacerlos confraternizar y mostrar las debilidades del ser humano.<\/p>\n<p>X\u00f3chitl provoc\u00f3 ilusi\u00f3n entre el electorado que la vio como un b\u00e1lsamo, capaz de revertir tendencias que eran favorables para la hoy Presidenta Electa, Claudia Sheinbaum, aunque pronto los ciudadanos comprobaron que se trataba solamente de un espejismo.<\/p>\n<p>Las cifras y tendencias a la baja fueron la causa para que su principal baluarte, el partido Acci\u00f3n Nacional decidiera cerrar sus arcas, hasta que vino el reclamo de la candidata presidencial.<\/p>\n<p>Dos momentos cruciales fueron los reclamos de Marko Cort\u00e9s hacia X\u00f3chitl G\u00e1lvez, que acus\u00f3 recibo de ello y la alej\u00f3 del presidente del partido en que no milita, pero que le ha dado los mayores respaldos.<\/p>\n<p>Sin embargo, todo eso se olvida cuando la ambici\u00f3n de poder se frustra y hay que mandar la imagen de que no es el poder, sino el bienestar de la ciudadan\u00eda el que se busca.<\/p>\n<p>X\u00f3chitl no decide si forma parte de un nuevo partido o se suma a la militancia de uno de los actuales. Marko sabe que el poder se le va y que le queda el refugio del Senado, donde ser\u00e1 uno m\u00e1s, sin reflectores de ninguna clase.<\/p>\n<p>Una historia m\u00e1s de que la voluntad humana resiste hasta que se advierte que todo se perder\u00e1.<\/p>\n<p>Lo que no pudieron conseguir en las urnas, mediante el apoyo ciudadano, pretenden obtenerlo por la v\u00eda de las denuncias e impugnaciones dentro y fuera del pa\u00eds.<\/p>\n","protected":false},"excerpt":{"rendered":"<p>Si un efecto tiene el poder y el dinero es el de vencer la voluntad humana. Si uno no puede, el otro s\u00ed y hasta los m\u00e1s reacios claudican ante ellos.<\/p>\n","protected":false},"author":3,"featured_media":631548,"comment_status":"open","ping_status":"open","sticky":false,"template":"","format":"standard","meta":{"_monsterinsights_skip_tracking":false,"_monsterinsights_sitenote_active":false,"_monsterinsights_sitenote_note":"","_monsterinsights_sitenote_category":0,"footnotes":""},"categories":[17,3],"tags":[14257,95350,14482,1239],"class_list":["post-631462","post","type-post","status-publish","format-standard","has-post-thumbnail","hentry","category-especiales","category-nacional","tag-dinero","tag-marko-cortes","tag-poder","tag-xochitl-galvez"],"_links":{"self":[{"href":"https:\/\/www.diarioimagen.net\/index.php?rest_route=\/wp\/v2\/posts\/631462","targetHints":{"allow":["GET"]}}],"collection":[{"href":"https:\/\/www.diarioimagen.net\/index.php?rest_route=\/wp\/v2\/posts"}],"about":[{"href":"https:\/\/www.diarioimagen.net\/index.php?rest_route=\/wp\/v2\/types\/post"}],"author":[{"embeddable":true,"href":"https:\/\/www.diarioimagen.net\/index.php?rest_route=\/wp\/v2\/users\/3"}],"replies":[{"embeddable":true,"href":"https:\/\/www.diarioimagen.net\/index.php?rest_route=%2Fwp%2Fv2%2Fcomments&post=631462"}],"version-history":[{"count":0,"href":"https:\/\/www.diarioimagen.net\/index.php?rest_route=\/wp\/v2\/posts\/631462\/revisions"}],"wp:featuredmedia":[{"embeddable":true,"href":"https:\/\/www.diarioimagen.net\/index.php?rest_route=\/wp\/v2\/media\/631548"}],"wp:attachment":[{"href":"https:\/\/www.diarioimagen.net\/index.php?rest_route=%2Fwp%2Fv2%2Fmedia&parent=631462"}],"wp:term":[{"taxonomy":"category","embeddable":true,"href":"https:\/\/www.diarioimagen.net\/index.php?rest_route=%2Fwp%2Fv2%2Fcategories&post=631462"},{"taxonomy":"post_tag","embeddable":true,"href":"https:\/\/www.diarioimagen.net\/index.php?rest_route=%2Fwp%2Fv2%2Ftags&post=631462"}],"curies":[{"name":"wp","href":"https:\/\/api.w.org\/{rel}","templated":true}]}}