{"id":631477,"date":"2024-08-29T00:05:11","date_gmt":"2024-08-29T06:05:11","guid":{"rendered":"https:\/\/www.diarioimagen.net\/?p=631477"},"modified":"2024-08-29T02:54:27","modified_gmt":"2024-08-29T08:54:27","slug":"instala-edomex-un-nuevo-sistema-estatal-de-movilidad-y-seguridad-vial","status":"publish","type":"post","link":"https:\/\/www.diarioimagen.net\/?p=631477","title":{"rendered":"Instala Edomex un nuevo\u00a0sistema\u00a0estatal\u00a0de movilidad\u00a0y\u00a0seguridad\u00a0vial"},"content":{"rendered":"<p>&nbsp;<\/p>\n<h2 style=\"text-align: center;\">Responde a los objetivos del plan de desarrollo<\/h2>\n<p>&nbsp;<\/p>\n<ul>\n<li><strong><em>Se busca reducir tiempos de traslado, facilitar la interconexi\u00f3n y dar un servicio digno<\/em><\/strong><\/li>\n<\/ul>\n<p><strong>\u00a0<\/strong><\/p>\n<div id=\"attachment_631577\" style=\"width: 470px\" class=\"wp-caption aligncenter\"><a href=\"https:\/\/www.diarioimagen.net\/?attachment_id=631577\" rel=\"attachment wp-att-631577\"><img loading=\"lazy\" decoding=\"async\" aria-describedby=\"caption-attachment-631577\" class=\"size-full wp-image-631577\" src=\"https:\/\/www.diarioimagen.net\/wp-content\/uploads\/2024\/08\/instala-edomex-nuevo.jpg\" alt=\"\" width=\"460\" height=\"270\" srcset=\"https:\/\/www.diarioimagen.net\/wp-content\/uploads\/2024\/08\/instala-edomex-nuevo.jpg 460w, https:\/\/www.diarioimagen.net\/wp-content\/uploads\/2024\/08\/instala-edomex-nuevo-240x141.jpg 240w\" sizes=\"auto, (max-width: 460px) 100vw, 460px\" \/><\/a><p id=\"caption-attachment-631577\" class=\"wp-caption-text\">Horacio Duarte Olivares, Secretario General de Gobierno, encabez\u00f3 la Instalaci\u00f3n del Sistema Estatal de Movilidad, Seguridad Vial y Transporte del Estado de M\u00e9xico.<\/p><\/div>\n<p>&nbsp;<\/p>\n<p><strong>Toluca, Estado de M\u00e9xico.\u2014 <\/strong>\u201cEl gobierno que encabeza la maestra Delfina G\u00f3mez \u00c1lvarez, busca mejorar la movilidad con el objetivo de transformar la vida de las y los mexiquenses, haciendo del transporte una herramienta de desarrollo social y econ\u00f3mico\u201d, afirm\u00f3 Horacio Duarte Olivares, Secretario General de Gobierno, al encabezar la Instalaci\u00f3n del Sistema Estatal de Movilidad, Seguridad Vial y Transporte del Estado de M\u00e9xico.<\/p>\n<p>Este Sistema responde a los planteamientos de la ciudadan\u00eda plasmados en el Plan de Desarrollo del Estado de M\u00e9xico 2023-2029, a trav\u00e9s de cuatro estrategias: reducir los tiempos de traslados; modernizar la infraestructura de conectividad; integrar un trasporte metropolitano multimodal; y brindar un servicio digno, transparente y seguro.<\/p>\n<p>Adem\u00e1s, \u201ceste sistema busca implementar estrategias, acuerdos que fortalezcan las acciones en materia de movilidad y garantizar que las soluciones en materia de seguridad vial y transporte sean m\u00e1s inclusivas, efectivas y ajustadas a las diversas y complejas realidades locales\u201d, se\u00f1al\u00f3 el Secretario Horacio Duarte Olivares.<\/p>\n<p>Asimismo, reconoci\u00f3 el apoyo del Presidente Andr\u00e9s Manuel L\u00f3pez Obrador, quien ha fortalecido la conectividad entre la entidad mexiquense y la Ciudad de M\u00e9xico con obras emblem\u00e1ticas como el Tren Interurbano \u201cEl Insurgente\u201d, el Troleb\u00fas Chalco-Santa Martha, y el Tren Suburbano de Buenavista al Aeropuerto Internacional \u201cFelipe \u00c1ngeles\u201d.<\/p>\n<p>Durante su participaci\u00f3n Daniel Sibaja Gonz\u00e1lez, Secretario de Movilidad, mencion\u00f3 que el Sistema Estatal de Movilidad y Transporte del Estado de M\u00e9xico ofrecer\u00e1 un nuevo marco de comunicaci\u00f3n entre instituciones para atender las necesidades de las personas.<\/p>\n<p>\u201c\u00c9ste es un instrumento que justo permite dar respuesta -a la movilidad-, no solamente es un tema de una reuni\u00f3n m\u00e1s, es un tema donde los Presidentes Municipales van a poder exigir a las autoridades estatales que demos respuesta y a su vez el Gobierno Estatal a los municipales y a su vez la Federaci\u00f3n, porque lo importante es una coordinaci\u00f3n integral\u201d, mencion\u00f3 Daniel Sibaja Gonz\u00e1lez, Secretario de Movilidad estatal.<\/p>\n<p>Este Sistema lo integran las Secretar\u00edas de Movilidad, Seguridad Desarrollo Urbano e Infraestructura, Finanzas, Medio Ambiente y Desarrollo Sostenible, Salud; as\u00ed como el Comit\u00e9 de Planeaci\u00f3n para el Desarrollo del Estado de M\u00e9xico, el Observatorio Ciudadano de Movilidad, Seguridad Vial y Transporte y los 125 municipios mexiquenses.<\/p>\n","protected":false},"excerpt":{"rendered":"<p>\u201cEl gobierno que encabeza la maestra Delfina G\u00f3mez \u00c1lvarez, busca mejorar la movilidad con el objetivo de transformar la vida de las y los mexiquenses, haciendo del transporte una herramienta de desarrollo social y econ\u00f3mico\u201d, afirm\u00f3 Horacio Duarte Olivares, Secretario General de Gobierno, al encabezar la Instalaci\u00f3n del Sistema Estatal de Movilidad, Seguridad Vial y Transporte del Estado de M\u00e9xico.<\/p>\n","protected":false},"author":3,"featured_media":631577,"comment_status":"open","ping_status":"open","sticky":false,"template":"","format":"standard","meta":{"_monsterinsights_skip_tracking":false,"_monsterinsights_sitenote_active":false,"_monsterinsights_sitenote_note":"","_monsterinsights_sitenote_category":0,"footnotes":""},"categories":[5,99730],"tags":[68,26421,100707],"class_list":["post-631477","post","type-post","status-publish","format-standard","has-post-thumbnail","hentry","category-estado-de-mexico","category-edomex","tag-edomex","tag-movilidad","tag-seguridad-vial"],"_links":{"self":[{"href":"https:\/\/www.diarioimagen.net\/index.php?rest_route=\/wp\/v2\/posts\/631477","targetHints":{"allow":["GET"]}}],"collection":[{"href":"https:\/\/www.diarioimagen.net\/index.php?rest_route=\/wp\/v2\/posts"}],"about":[{"href":"https:\/\/www.diarioimagen.net\/index.php?rest_route=\/wp\/v2\/types\/post"}],"author":[{"embeddable":true,"href":"https:\/\/www.diarioimagen.net\/index.php?rest_route=\/wp\/v2\/users\/3"}],"replies":[{"embeddable":true,"href":"https:\/\/www.diarioimagen.net\/index.php?rest_route=%2Fwp%2Fv2%2Fcomments&post=631477"}],"version-history":[{"count":0,"href":"https:\/\/www.diarioimagen.net\/index.php?rest_route=\/wp\/v2\/posts\/631477\/revisions"}],"wp:featuredmedia":[{"embeddable":true,"href":"https:\/\/www.diarioimagen.net\/index.php?rest_route=\/wp\/v2\/media\/631577"}],"wp:attachment":[{"href":"https:\/\/www.diarioimagen.net\/index.php?rest_route=%2Fwp%2Fv2%2Fmedia&parent=631477"}],"wp:term":[{"taxonomy":"category","embeddable":true,"href":"https:\/\/www.diarioimagen.net\/index.php?rest_route=%2Fwp%2Fv2%2Fcategories&post=631477"},{"taxonomy":"post_tag","embeddable":true,"href":"https:\/\/www.diarioimagen.net\/index.php?rest_route=%2Fwp%2Fv2%2Ftags&post=631477"}],"curies":[{"name":"wp","href":"https:\/\/api.w.org\/{rel}","templated":true}]}}