{"id":631480,"date":"2024-08-29T00:04:43","date_gmt":"2024-08-29T06:04:43","guid":{"rendered":"https:\/\/www.diarioimagen.net\/?p=631480"},"modified":"2024-08-29T02:41:00","modified_gmt":"2024-08-29T08:41:00","slug":"convocan-a-sumarse-a-la-jornada-limpiemos-nuestro-edomex","status":"publish","type":"post","link":"https:\/\/www.diarioimagen.net\/?p=631480","title":{"rendered":"Convocan a sumarse a la jornada \u201cLimpiemos Nuestro Edomex\u201d"},"content":{"rendered":"<p>&nbsp;<\/p>\n<ul>\n<li><em><strong>Ser\u00e1 el 30 de agosto de 09:00 a 13:00 horas<\/strong><\/em><\/li>\n<\/ul>\n<p>&nbsp;<\/p>\n<div id=\"attachment_631575\" style=\"width: 470px\" class=\"wp-caption aligncenter\"><a href=\"https:\/\/www.diarioimagen.net\/?attachment_id=631575\" rel=\"attachment wp-att-631575\"><img loading=\"lazy\" decoding=\"async\" aria-describedby=\"caption-attachment-631575\" class=\"size-full wp-image-631575\" src=\"https:\/\/www.diarioimagen.net\/wp-content\/uploads\/2024\/08\/convocan-a-sumarse.jpg\" alt=\"\" width=\"460\" height=\"270\" srcset=\"https:\/\/www.diarioimagen.net\/wp-content\/uploads\/2024\/08\/convocan-a-sumarse.jpg 460w, https:\/\/www.diarioimagen.net\/wp-content\/uploads\/2024\/08\/convocan-a-sumarse-240x141.jpg 240w\" sizes=\"auto, (max-width: 460px) 100vw, 460px\" \/><\/a><p id=\"caption-attachment-631575\" class=\"wp-caption-text\">La gobernadora Delfina G\u00f3mez \u00c1lvarez encabezar\u00e1 este 30 de agosto la primera jornada de \u201cLimpiemos Nuestro Edomex\u201d, que tiene como objetivo de cambiar la imagen del estado.<\/p><\/div>\n<p>&nbsp;<\/p>\n<p><strong>Toluca, Estado de M\u00e9xico.\u2014 <\/strong>El pr\u00f3ximo 30 de agosto, la gobernadora Delfina G\u00f3mez \u00c1lvarez encabezar\u00e1 la primera jornada de \u201cLimpiemos Nuestro EdoM\u00e9x\u201d, que tiene como objetivo de cambiar la imagen de nuestro estado y convertirlo en un entorno m\u00e1s saludable.<\/p>\n<p>\u201cLa gobernadora decidi\u00f3 echar a andar esta gran iniciativa que est\u00e1 coordinando ella. Hemos encontrado que si no limpiamos el estado vamos a seguir teniendo este grave problema, adem\u00e1s de la imagen p\u00fablica, adem\u00e1s de los problemas de salud que representa la basura\u201d, indic\u00f3 Horacio Duarte Olivares, Secretario General de Gobierno al invitar a las y los mexiquenses a sumarse a esta iniciativa.<\/p>\n<p>Esta jornada se llevar\u00e1 a cabo de 09:00 a 13:00 horas, donde sumar\u00e1n esfuerzos con los integrantes del Gabinete estatal y servidores p\u00fablicos de los 125 municipios; as\u00ed como de asociaciones civiles, escuelas, universidades y poblaci\u00f3n en general para limpiar avenidas, parques, r\u00edos, arroyos y canales de la entidad mexiquense.<\/p>\n<p>Con esta campa\u00f1a, el Gobierno del Estado de M\u00e9xico tambi\u00e9n busca concientizar a la poblaci\u00f3n sobre la importancia de recuperar, reutilizar y reciclar los desechos s\u00f3lidos para evitar que se acumulen en las alcantarillas y prevenir inundaciones.\u00a0 Todas y todos est\u00e1n invitados a la jornada \u201cLimpiemos Nuestro EdoM\u00e9x\u201d, ya que todas las acciones cuentan para transformar al Estado de M\u00e9xico.<\/p>\n","protected":false},"excerpt":{"rendered":"<p>El pr\u00f3ximo 30 de agosto, la gobernadora Delfina G\u00f3mez \u00c1lvarez encabezar\u00e1 la primera jornada de \u201cLimpiemos Nuestro EdoM\u00e9x\u201d, que tiene como objetivo de cambiar la imagen de nuestro estado y convertirlo en un entorno m\u00e1s saludable.<\/p>\n","protected":false},"author":3,"featured_media":631575,"comment_status":"open","ping_status":"open","sticky":false,"template":"","format":"standard","meta":{"_monsterinsights_skip_tracking":false,"_monsterinsights_sitenote_active":false,"_monsterinsights_sitenote_note":"","_monsterinsights_sitenote_category":0,"footnotes":""},"categories":[5,99730],"tags":[68,100694],"class_list":["post-631480","post","type-post","status-publish","format-standard","has-post-thumbnail","hentry","category-estado-de-mexico","category-edomex","tag-edomex","tag-limpiemos-nuestro-edomex"],"_links":{"self":[{"href":"https:\/\/www.diarioimagen.net\/index.php?rest_route=\/wp\/v2\/posts\/631480","targetHints":{"allow":["GET"]}}],"collection":[{"href":"https:\/\/www.diarioimagen.net\/index.php?rest_route=\/wp\/v2\/posts"}],"about":[{"href":"https:\/\/www.diarioimagen.net\/index.php?rest_route=\/wp\/v2\/types\/post"}],"author":[{"embeddable":true,"href":"https:\/\/www.diarioimagen.net\/index.php?rest_route=\/wp\/v2\/users\/3"}],"replies":[{"embeddable":true,"href":"https:\/\/www.diarioimagen.net\/index.php?rest_route=%2Fwp%2Fv2%2Fcomments&post=631480"}],"version-history":[{"count":0,"href":"https:\/\/www.diarioimagen.net\/index.php?rest_route=\/wp\/v2\/posts\/631480\/revisions"}],"wp:featuredmedia":[{"embeddable":true,"href":"https:\/\/www.diarioimagen.net\/index.php?rest_route=\/wp\/v2\/media\/631575"}],"wp:attachment":[{"href":"https:\/\/www.diarioimagen.net\/index.php?rest_route=%2Fwp%2Fv2%2Fmedia&parent=631480"}],"wp:term":[{"taxonomy":"category","embeddable":true,"href":"https:\/\/www.diarioimagen.net\/index.php?rest_route=%2Fwp%2Fv2%2Fcategories&post=631480"},{"taxonomy":"post_tag","embeddable":true,"href":"https:\/\/www.diarioimagen.net\/index.php?rest_route=%2Fwp%2Fv2%2Ftags&post=631480"}],"curies":[{"name":"wp","href":"https:\/\/api.w.org\/{rel}","templated":true}]}}