{"id":631483,"date":"2024-08-29T00:01:38","date_gmt":"2024-08-29T06:01:38","guid":{"rendered":"https:\/\/www.diarioimagen.net\/?p=631483"},"modified":"2024-08-29T22:30:35","modified_gmt":"2024-08-30T04:30:35","slug":"declina-ana-karime-arguilez-a-favor-de-rodrigo-samperio-por-dirigencia-de-mc","status":"publish","type":"post","link":"https:\/\/www.diarioimagen.net\/?p=631483","title":{"rendered":"Declina Ana Karime Arguilez a favor de Rodrigo Samperio por dirigencia de MC"},"content":{"rendered":"<p>&nbsp;<\/p>\n<ul>\n<li><em><strong>Proyecto opositor al de Juan Zepeda<\/strong><\/em><\/li>\n<\/ul>\n<p>&nbsp;<\/p>\n<div id=\"attachment_631569\" style=\"width: 470px\" class=\"wp-caption aligncenter\"><a href=\"https:\/\/www.diarioimagen.net\/?attachment_id=631569\" rel=\"attachment wp-att-631569\"><img loading=\"lazy\" decoding=\"async\" aria-describedby=\"caption-attachment-631569\" class=\"size-full wp-image-631569\" src=\"https:\/\/www.diarioimagen.net\/wp-content\/uploads\/2024\/08\/declina-ana-karime.jpg\" alt=\"\" width=\"460\" height=\"270\" srcset=\"https:\/\/www.diarioimagen.net\/wp-content\/uploads\/2024\/08\/declina-ana-karime.jpg 460w, https:\/\/www.diarioimagen.net\/wp-content\/uploads\/2024\/08\/declina-ana-karime-240x141.jpg 240w\" sizes=\"auto, (max-width: 460px) 100vw, 460px\" \/><\/a><p id=\"caption-attachment-631569\" class=\"wp-caption-text\">Ana Karime Arguilez, quien se hab\u00eda registrado para contender por la dirigencia, anunci\u00f3 que declina en favor de Rodrigo Samperio liderar MC.<\/p><\/div>\n<p>&nbsp;<\/p>\n<p><strong>Valle de Mexico.\u2014<\/strong> Militantes de Movimiento Ciudadano (MC), en el Estado de M\u00e9xico, respaldaron las aspiraciones de Rodrigo Samperio para contender por la dirigencia del partido, como un proyecto opositor al de Juan Zepeda.<\/p>\n<p>Ana Karime Arguilez, quien se hab\u00eda registrado para contender por la dirigencia, anunci\u00f3 que declina en favor del joven pol\u00edtico. \u201cBuscamos que la nueva dirigencia de MC en el estado consolide los proyectos de los candidatos que participaron el 2 de junio, que lograron colocar al partido como cuarta fuerza pol\u00edtica, con miras que el 2027 se conviertan en cuadros consolidados\u201d, dijo.<\/p>\n<p>Reconocieron el liderazgo y apertura de Juan Zepeda, no obstante, afirmaron es momento de consolidar a las figuras del partido; adem\u00e1s de tener 125 comit\u00e9s municipales, que cuenten con recursos econ\u00f3micos para seguir fortaleciendo a la fuerza naranja.<\/p>\n<p>Los lideres y militantes de esta zona, se pronunciaron porque sean los militantes quienes elijan a la nueva dirigencia en libertad y transparencia.<\/p>\n<p>Tras darse a conocer que se aplaz\u00f3 la asamblea estatal del 14 de septiembre, donde el actual dirigente, Juan Zepeda pretend\u00eda imponer a su sucesora en la figura de la tambi\u00e9n ex perredista, Juana Bonilla Jaimes.<\/p>\n","protected":false},"excerpt":{"rendered":"<p>Militantes de Movimiento Ciudadano (MC), en el Estado de M\u00e9xico, respaldaron las aspiraciones de Rodrigo Samperio para contender por la dirigencia del partido, como un proyecto opositor al de Juan Zepeda.<\/p>\n","protected":false},"author":3,"featured_media":631569,"comment_status":"open","ping_status":"open","sticky":false,"template":"","format":"standard","meta":{"_monsterinsights_skip_tracking":false,"_monsterinsights_sitenote_active":false,"_monsterinsights_sitenote_note":"","_monsterinsights_sitenote_category":0,"footnotes":""},"categories":[5],"tags":[100708,19957],"class_list":["post-631483","post","type-post","status-publish","format-standard","has-post-thumbnail","hentry","category-estado-de-mexico","tag-declina","tag-movimiento-ciudadano"],"_links":{"self":[{"href":"https:\/\/www.diarioimagen.net\/index.php?rest_route=\/wp\/v2\/posts\/631483","targetHints":{"allow":["GET"]}}],"collection":[{"href":"https:\/\/www.diarioimagen.net\/index.php?rest_route=\/wp\/v2\/posts"}],"about":[{"href":"https:\/\/www.diarioimagen.net\/index.php?rest_route=\/wp\/v2\/types\/post"}],"author":[{"embeddable":true,"href":"https:\/\/www.diarioimagen.net\/index.php?rest_route=\/wp\/v2\/users\/3"}],"replies":[{"embeddable":true,"href":"https:\/\/www.diarioimagen.net\/index.php?rest_route=%2Fwp%2Fv2%2Fcomments&post=631483"}],"version-history":[{"count":0,"href":"https:\/\/www.diarioimagen.net\/index.php?rest_route=\/wp\/v2\/posts\/631483\/revisions"}],"wp:featuredmedia":[{"embeddable":true,"href":"https:\/\/www.diarioimagen.net\/index.php?rest_route=\/wp\/v2\/media\/631569"}],"wp:attachment":[{"href":"https:\/\/www.diarioimagen.net\/index.php?rest_route=%2Fwp%2Fv2%2Fmedia&parent=631483"}],"wp:term":[{"taxonomy":"category","embeddable":true,"href":"https:\/\/www.diarioimagen.net\/index.php?rest_route=%2Fwp%2Fv2%2Fcategories&post=631483"},{"taxonomy":"post_tag","embeddable":true,"href":"https:\/\/www.diarioimagen.net\/index.php?rest_route=%2Fwp%2Fv2%2Ftags&post=631483"}],"curies":[{"name":"wp","href":"https:\/\/api.w.org\/{rel}","templated":true}]}}