{"id":631486,"date":"2024-08-29T00:03:30","date_gmt":"2024-08-29T06:03:30","guid":{"rendered":"https:\/\/www.diarioimagen.net\/?p=631486"},"modified":"2024-08-29T02:42:13","modified_gmt":"2024-08-29T08:42:13","slug":"la-cruz-roja-invita-a-la-carrera-todo-mexico-salvando-vidas","status":"publish","type":"post","link":"https:\/\/www.diarioimagen.net\/?p=631486","title":{"rendered":"La Cruz Roja invita a la carrera \u201cTodo\u00a0M\u00e9xico Salvando Vidas\u201d"},"content":{"rendered":"<p>&nbsp;<\/p>\n<ul>\n<li><em><strong>El domingo 8 de septiembre<\/strong><\/em><\/li>\n<\/ul>\n<p>&nbsp;<\/p>\n<div id=\"attachment_631573\" style=\"width: 470px\" class=\"wp-caption aligncenter\"><a href=\"https:\/\/www.diarioimagen.net\/?attachment_id=631573\" rel=\"attachment wp-att-631573\"><img loading=\"lazy\" decoding=\"async\" aria-describedby=\"caption-attachment-631573\" class=\"size-full wp-image-631573\" src=\"https:\/\/www.diarioimagen.net\/wp-content\/uploads\/2024\/08\/la-cruz-roja.jpg\" alt=\"\" width=\"460\" height=\"270\" srcset=\"https:\/\/www.diarioimagen.net\/wp-content\/uploads\/2024\/08\/la-cruz-roja.jpg 460w, https:\/\/www.diarioimagen.net\/wp-content\/uploads\/2024\/08\/la-cruz-roja-240x141.jpg 240w\" sizes=\"auto, (max-width: 460px) 100vw, 460px\" \/><\/a><p id=\"caption-attachment-631573\" class=\"wp-caption-text\">El Coordinador G de la Delegaci\u00f3n Estado de M\u00e9xico-Ciudad de M\u00e9xico de Cruz Roja, C\u00e9sar Alejandro Ch\u00e1vez hizo un llamado a todas y todos los aficionados al deporte a sumarse la carrera recreativa \u201cTodo M\u00e9xico Salvando Vidas\u201d.<\/p><\/div>\n<p>&nbsp;<\/p>\n<p><strong>Naucalpan, Estado de M\u00e9xico.\u2014<\/strong> El pr\u00f3ximo domingo 8 de septiembre se correr\u00e1 al mismo tiempo en todas las entidades del pa\u00eds la carrera recreativa \u201cTodo M\u00e9xico Salvando Vidas\u201d, en distancias de 5 y 10 kil\u00f3metros, y se realizar\u00e1 una caminata de convivencia familiar de 3 kil\u00f3metros, anunci\u00f3 el Coordinador General de la Delegaci\u00f3n Estado de M\u00e9xico-Ciudad de M\u00e9xico de Cruz Roja Mexicana, C\u00e9sar Alejandro Ch\u00e1vez Garc\u00eda.<\/p>\n<p>En conferencia de prensa, Ch\u00e1vez Garc\u00eda hizo un llamado a todas y todos los aficionados al deporte a sumarse a esta actividad cuyo objetivo principal es fomentar la sana convivencia familiar y la salud, y con ello captar recursos econ\u00f3micos que ayudan a Cruz Roja a realizar sus tareas de asistencia social y atenci\u00f3n de urgencias como la que actualmente ocurre en el municipio de Chalco, Estado de M\u00e9xico.<\/p>\n<p>Precis\u00f3 que, para el caso del Estado de M\u00e9xico, este a\u00f1o la carrera tendr\u00e1 dos sedes: Cuautitl\u00e1n Izcalli y Texcoco, adem\u00e1s de la Ciudad de M\u00e9xico.<\/p>\n<p>\u201cCada a\u00f1o hemos llevado la carrera Todo M\u00e9xico Salvando Vidas a distintos municipios de la entidad, como una forma de incentivar esta actividad en todas las regiones mexiquenses y que sus beneficios se queden en las localidades\u201d, indic\u00f3.<\/p>\n<p>Anunci\u00f3 que el registro de participantes tiene una cuota de recuperaci\u00f3n de 300 pesos para las carreras de 5 y 10 kil\u00f3metros, as\u00ed como de 250 pesos para los participantes de las caminatas recreativas, a cambio de lo que los participantes recibir\u00e1n una playera conmemorativa, que este a\u00f1o luce un elegante dise\u00f1o en color negro, n\u00famero de competidor, hidrataci\u00f3n y recuperaci\u00f3n postcarrera.<\/p>\n<p>Se espera \u2014dijo\u2014 que en las carreras de Texcoco y Cuautitl\u00e1n Izcalli participen alrededor de 2 mil personas, quienes dispondr\u00e1n de un operativo de seguridad y vialidad en todo el circuito que garantizar\u00e1 la integridad f\u00edsica y patrimonial de los asistentes.<\/p>\n<p>La carrera recreativa \u201cTodo M\u00e9xico Salvando Vidas\u201d estar\u00e1 abierta a la participaci\u00f3n de personas con cualquier tipo de discapacidad, as\u00ed como a quienes corran o caminen junto a sus animales de compa\u00f1\u00eda, siempre y cuando respeten las reglas generales de convivencia, como participar con correa y responsabilizarse de la limpieza de heces fecales.<\/p>\n","protected":false},"excerpt":{"rendered":"<p>El pr\u00f3ximo domingo 8 de septiembre se correr\u00e1 al mismo tiempo en todas las entidades del pa\u00eds la carrera recreativa \u201cTodo M\u00e9xico Salvando Vidas\u201d, en distancias de 5 y 10 kil\u00f3metros, y se realizar\u00e1 una caminata de convivencia familiar de 3 kil\u00f3metros, anunci\u00f3 el Coordinador General de la Delegaci\u00f3n Estado de M\u00e9xico-Ciudad de M\u00e9xico de Cruz Roja Mexicana, C\u00e9sar Alejandro Ch\u00e1vez Garc\u00eda.<\/p>\n","protected":false},"author":3,"featured_media":631573,"comment_status":"open","ping_status":"open","sticky":false,"template":"","format":"standard","meta":{"_monsterinsights_skip_tracking":false,"_monsterinsights_sitenote_active":false,"_monsterinsights_sitenote_note":"","_monsterinsights_sitenote_category":0,"footnotes":""},"categories":[18863],"tags":[43675,970,100709],"class_list":["post-631486","post","type-post","status-publish","format-standard","has-post-thumbnail","hentry","category-salud-edomex","tag-estado-de-mexico","tag-naucalpan","tag-todo-mexico-salvando-vidas"],"_links":{"self":[{"href":"https:\/\/www.diarioimagen.net\/index.php?rest_route=\/wp\/v2\/posts\/631486","targetHints":{"allow":["GET"]}}],"collection":[{"href":"https:\/\/www.diarioimagen.net\/index.php?rest_route=\/wp\/v2\/posts"}],"about":[{"href":"https:\/\/www.diarioimagen.net\/index.php?rest_route=\/wp\/v2\/types\/post"}],"author":[{"embeddable":true,"href":"https:\/\/www.diarioimagen.net\/index.php?rest_route=\/wp\/v2\/users\/3"}],"replies":[{"embeddable":true,"href":"https:\/\/www.diarioimagen.net\/index.php?rest_route=%2Fwp%2Fv2%2Fcomments&post=631486"}],"version-history":[{"count":0,"href":"https:\/\/www.diarioimagen.net\/index.php?rest_route=\/wp\/v2\/posts\/631486\/revisions"}],"wp:featuredmedia":[{"embeddable":true,"href":"https:\/\/www.diarioimagen.net\/index.php?rest_route=\/wp\/v2\/media\/631573"}],"wp:attachment":[{"href":"https:\/\/www.diarioimagen.net\/index.php?rest_route=%2Fwp%2Fv2%2Fmedia&parent=631486"}],"wp:term":[{"taxonomy":"category","embeddable":true,"href":"https:\/\/www.diarioimagen.net\/index.php?rest_route=%2Fwp%2Fv2%2Fcategories&post=631486"},{"taxonomy":"post_tag","embeddable":true,"href":"https:\/\/www.diarioimagen.net\/index.php?rest_route=%2Fwp%2Fv2%2Ftags&post=631486"}],"curies":[{"name":"wp","href":"https:\/\/api.w.org\/{rel}","templated":true}]}}