{"id":631645,"date":"2024-08-30T00:02:35","date_gmt":"2024-08-30T06:02:35","guid":{"rendered":"https:\/\/www.diarioimagen.net\/?p=631645"},"modified":"2024-08-30T02:03:35","modified_gmt":"2024-08-30T08:03:35","slug":"el-dif-naucalpan-festeja-todos-los-dias-al-adulto-mayor-angelica-moya-marin","status":"publish","type":"post","link":"https:\/\/www.diarioimagen.net\/?p=631645","title":{"rendered":"El DIF Naucalpan festeja todos los d\u00edas al adulto mayor: Ang\u00e9lica Moya Mar\u00edn"},"content":{"rendered":"<p>&nbsp;<\/p>\n<ul>\n<li><em><strong>Apapachan a 700 invitados<\/strong><\/em><\/li>\n<\/ul>\n<p>&nbsp;<\/p>\n<div id=\"attachment_631785\" style=\"width: 470px\" class=\"wp-caption aligncenter\"><a href=\"https:\/\/www.diarioimagen.net\/?attachment_id=631785\" rel=\"attachment wp-att-631785\"><img loading=\"lazy\" decoding=\"async\" aria-describedby=\"caption-attachment-631785\" class=\"size-full wp-image-631785\" src=\"https:\/\/www.diarioimagen.net\/wp-content\/uploads\/2024\/08\/dif-naucalpan-festeja.jpg\" alt=\"\" width=\"460\" height=\"270\" srcset=\"https:\/\/www.diarioimagen.net\/wp-content\/uploads\/2024\/08\/dif-naucalpan-festeja.jpg 460w, https:\/\/www.diarioimagen.net\/wp-content\/uploads\/2024\/08\/dif-naucalpan-festeja-240x141.jpg 240w\" sizes=\"auto, (max-width: 460px) 100vw, 460px\" \/><\/a><p id=\"caption-attachment-631785\" class=\"wp-caption-text\">La alcaldesa Ang\u00e9lica Moya Mar\u00edn encabez\u00f3 la celebraci\u00f3n del \u2018D\u00eda del Adulto Mayor\u2019, realizada por el DIF\u00a0 Naucalpan.<\/p><\/div>\n<p>&nbsp;<\/p>\n<p><strong>Naucalpan, Estado de M\u00e9xico.\u2014<\/strong> \u201cEl chiste no es llegar a la vejez, sino ser feliz, por lo que es muy bueno que a trav\u00e9s del tiempo haya quien cuide de uno, afirm\u00f3 Jes\u00fas Guerrero Jaime, de 95 a\u00f1os de edad, habitante de la colonia Ahuizotla, uno de los 700 invitados a la celebraci\u00f3n del \u2018D\u00eda del Adulto Mayor\u2019, realizada por el DIF Naucalpan.<\/p>\n<p>En el evento, al que asistieron integrantes de los 35 grupos de la instituci\u00f3n que brindan servicios a este sector, entre ellos clubes del adulto mayor, Casas de D\u00eda y Centro de Larga Estad\u00eda, la alcaldesa Ang\u00e9lica Moya Mar\u00edn asegur\u00f3 que \u201cel mejor festejo que podemos hacer es haber ampliado nuestros clubes y reabierto el DIF\u201d.<\/p>\n<p>Dijo que el DIF municipal festeja a las personas adultas mayores todos los d\u00edas y, aunque los gobiernos van y vienen, en el caso de Naucalpan, \u201clo que no cambia y lo que no va y viene es nuestro amor por ustedes. Que ni duda cabe que el amor construye, que ni duda cabe que el amor es una gran base, fundamental para construir lo que sea\u201d.<\/p>\n<p>Cynthia Elizondo Basurto, presidenta del DIF Naucalpan, consider\u00f3 que \u201cla edad es s\u00f3lo un n\u00famero y la juventud es un estado de \u00e1nimo. En esta fiesta vemos a personas adultas mayores felices, entusiastas, participativas, con una mayor conciencia de s\u00ed mismas, con la calma y la sabidur\u00eda que da el haber superado diversos obst\u00e1culos y la gratitud por los a\u00f1os cumplidos\u201d.<\/p>\n<p>Mencion\u00f3 que \u201choy reconocemos su sabidur\u00eda, experiencia y contribuciones a nuestras vidas y comunidades; su ejemplo de fortaleza y resiliencia, y por ser una fuente de inspiraci\u00f3n para nosotros\u201d.<\/p>\n<p>Gloria Alicia P\u00e9rez, integrante del club \u2018C\u00f3mo han Pasado los A\u00f1os\u2019, agradeci\u00f3 a Moya Mar\u00edn la preocupaci\u00f3n del DIF municipal porque los adultos mayores se integren a la vida \u00fatil con diversas actividades de \u00edndole deportiva, cultural y social, que se traducen en \u201csalud, comunidad y uni\u00f3n fraterna\u201d.<\/p>\n<p>La mujer reconoci\u00f3 que Naucalpan se pone a la vanguardia en la atenci\u00f3n a las personas adultas mayores, lo que permite elevar la calidad de vida y autoestima de este amplio sector social.<\/p>\n","protected":false},"excerpt":{"rendered":"<p>\u201cEl chiste no es llegar a la vejez, sino ser feliz, por lo que es muy bueno que a trav\u00e9s del tiempo haya quien cuide de uno, afirm\u00f3 Jes\u00fas Guerrero Jaime, de 95 a\u00f1os de edad, habitante de la colonia Ahuizotla, uno de los 700 invitados a la celebraci\u00f3n del \u2018D\u00eda del Adulto Mayor\u2019, realizada por el DIF Naucalpan.<\/p>\n","protected":false},"author":3,"featured_media":631785,"comment_status":"open","ping_status":"open","sticky":false,"template":"","format":"standard","meta":{"_monsterinsights_skip_tracking":false,"_monsterinsights_sitenote_active":false,"_monsterinsights_sitenote_note":"","_monsterinsights_sitenote_category":0,"footnotes":""},"categories":[5],"tags":[93139,19741],"class_list":["post-631645","post","type-post","status-publish","format-standard","has-post-thumbnail","hentry","category-estado-de-mexico","tag-angelica-moya-marin","tag-dia-del-adulto-mayor"],"_links":{"self":[{"href":"https:\/\/www.diarioimagen.net\/index.php?rest_route=\/wp\/v2\/posts\/631645","targetHints":{"allow":["GET"]}}],"collection":[{"href":"https:\/\/www.diarioimagen.net\/index.php?rest_route=\/wp\/v2\/posts"}],"about":[{"href":"https:\/\/www.diarioimagen.net\/index.php?rest_route=\/wp\/v2\/types\/post"}],"author":[{"embeddable":true,"href":"https:\/\/www.diarioimagen.net\/index.php?rest_route=\/wp\/v2\/users\/3"}],"replies":[{"embeddable":true,"href":"https:\/\/www.diarioimagen.net\/index.php?rest_route=%2Fwp%2Fv2%2Fcomments&post=631645"}],"version-history":[{"count":0,"href":"https:\/\/www.diarioimagen.net\/index.php?rest_route=\/wp\/v2\/posts\/631645\/revisions"}],"wp:featuredmedia":[{"embeddable":true,"href":"https:\/\/www.diarioimagen.net\/index.php?rest_route=\/wp\/v2\/media\/631785"}],"wp:attachment":[{"href":"https:\/\/www.diarioimagen.net\/index.php?rest_route=%2Fwp%2Fv2%2Fmedia&parent=631645"}],"wp:term":[{"taxonomy":"category","embeddable":true,"href":"https:\/\/www.diarioimagen.net\/index.php?rest_route=%2Fwp%2Fv2%2Fcategories&post=631645"},{"taxonomy":"post_tag","embeddable":true,"href":"https:\/\/www.diarioimagen.net\/index.php?rest_route=%2Fwp%2Fv2%2Ftags&post=631645"}],"curies":[{"name":"wp","href":"https:\/\/api.w.org\/{rel}","templated":true}]}}