{"id":631672,"date":"2024-08-30T00:03:02","date_gmt":"2024-08-30T06:03:02","guid":{"rendered":"https:\/\/www.diarioimagen.net\/?p=631672"},"modified":"2024-10-21T00:23:23","modified_gmt":"2024-10-21T06:23:23","slug":"nascar-cup-series-llega-a-mexico-en-2025","status":"publish","type":"post","link":"https:\/\/www.diarioimagen.net\/?p=631672","title":{"rendered":"NASCAR Cup Series llega a M\u00e9xico en 2025"},"content":{"rendered":"<p>&nbsp;<\/p>\n<h2 style=\"text-align: center;\">Por primera vez en tierra azteca<\/h2>\n<p>&nbsp;<\/p>\n<ul>\n<li><strong><em>La gran fiesta ser\u00e1 los d\u00edas 13, 14 y 15 de junio en el Aut\u00f3dromo Hermanos Rodr\u00edguez<\/em><\/strong><\/li>\n<\/ul>\n<p>&nbsp;<\/p>\n<h5>Mitzi Fern\u00e1ndez<\/h5>\n<p>&nbsp;<\/p>\n<div id=\"attachment_631773\" style=\"width: 470px\" class=\"wp-caption aligncenter\"><a href=\"https:\/\/www.diarioimagen.net\/?attachment_id=631773\" rel=\"attachment wp-att-631773\"><img loading=\"lazy\" decoding=\"async\" aria-describedby=\"caption-attachment-631773\" class=\"size-full wp-image-631773\" src=\"https:\/\/www.diarioimagen.net\/wp-content\/uploads\/2024\/08\/nascar.jpg\" alt=\"\" width=\"460\" height=\"270\" srcset=\"https:\/\/www.diarioimagen.net\/wp-content\/uploads\/2024\/08\/nascar.jpg 460w, https:\/\/www.diarioimagen.net\/wp-content\/uploads\/2024\/08\/nascar-240x141.jpg 240w\" sizes=\"auto, (max-width: 460px) 100vw, 460px\" \/><\/a><p id=\"caption-attachment-631773\" class=\"wp-caption-text\">Ben Kennedy, vicepresidente ejecutivo y director de innovaci\u00f3n de carreras de\u00a0NASCAR; Jimmy Morales, presidente de NASCAR Cup Series M\u00e9xico; y\u00a0Daniel Su\u00e1rez, piloto mexicano.<\/p><\/div>\n<p>&nbsp;<\/p>\n<p>Por primera vez la NASCAR uno de los eventos automovil\u00edsticos m\u00e1s reconocidos del mundo, vendr\u00e1 a M\u00e9xico, los d\u00edas 13, 14 y 15 de junio del 2025 en el Aut\u00f3dromo Hermanos Rodr\u00edguez, d\u00f3nde se vivir\u00e1 NASCAR Cup Series adem\u00e1s de que la NASCAR Xfinity Series. NASCAR M\u00e9xico Series tambi\u00e9n formar\u00e1 parte de este fin se semana<\/p>\n<p>En conferencia de prensa Ben Kennedy, vicepresidente ejecutivo y director de innovaci\u00f3n de carreras de\u00a0NASCAR; Jimmy Morales, presidente de NASCAR Cup Series M\u00e9xico; y Daniel Su\u00e1rez, piloto mexicano de Trackhouse Racing Team asistieron para dar el gran anuncio.<\/p>\n<p>Comenzando Ben Kennedy dijo \u201cEste es un momento hist\u00f3rico para nuestro deporte, especialmente para la NASCAR Cup, ya que podr\u00e1 dejar su huella en M\u00e9xico. Hemos sido osados en cuanto a nuestras estrategias de crecimiento a nivel global, as\u00ed que no hay mejor opci\u00f3n para tomar el siguiente paso, que corriendo en el emblem\u00e1tico Aut\u00f3dromo Hermanos Rodr\u00edguez en la Ciudad de M\u00e9xico\u201d.<\/p>\n<p>Mientras que el piloto Daniel Su\u00e1rez lleno de emoci\u00f3n expres\u00f3 \u201cCuando me fui a correr a Estados Unidos, yo so\u00f1aba con regresar a correr a mi pa\u00eds alg\u00fan d\u00eda, pues sab\u00eda que ser\u00eda incre\u00edble. Los a\u00f1os pasaron, tuve la fortuna de ganar carreras y campeonatos y ahora podremos regresar, despu\u00e9s de 10 a\u00f1os, estoy viviendo el sue\u00f1o, es una fortuna traer la NASCAR a M\u00e9xico\u201d.<\/p>\n<p>Por otro lado Jimmy Morales declar\u00f3 \u201cBienvenidos es un honor para nosotros estar en el Aut\u00f3dromo, que privilegio, quiero agradecerles\u00a0 por creer que el automovil\u00edstico de M\u00e9xico es de calidad\u00a0 nos vemos el 2025 con el mejor evento que va a haber el pr\u00f3ximo a\u00f1o, no dudamos ni tantito de este p\u00fablico\u201d.<\/p>\n<p>Momentos despu\u00e9s se dio el banderazo inicial donde los asistentes posaron en enfrente de un autom\u00f3vil con muchos fuegos artificiales atr\u00e1s y las ic\u00f3nicas banderas.<br \/>\nNo te pierdas lo detalles, en redes sociales o en la p\u00e1gina <em>www.NASCARMexico.com<\/em> para poder asistir a este gran evento.<\/p>\n<p>&nbsp;<\/p>\n<blockquote><p><strong>NASCAR, uno de los eventos automovil\u00edsticos m\u00e1s reconocidos del mundo, vendr\u00e1 a M\u00e9xico, los d\u00edas 13, 14 y 15 de junio del 2025 en el Aut\u00f3dromo Hermanos Rodr\u00edguez, d\u00f3nde se vivir\u00e1 NASCAR Cup Series y la NASCAR Xfinity Series<\/strong><\/p><\/blockquote>\n","protected":false},"excerpt":{"rendered":"<p>Por primera vez la NASCAR uno de los eventos automovil\u00edsticos m\u00e1s reconocidos del mundo, vendr\u00e1 a M\u00e9xico, los d\u00edas 13, 14 y 15 de junio del 2025 en el Aut\u00f3dromo Hermanos Rodr\u00edguez, d\u00f3nde se vivir\u00e1 NASCAR Cup Series adem\u00e1s de que la NASCAR Xfinity Series. NASCAR M\u00e9xico Series tambi\u00e9n formar\u00e1 parte de este fin se semana<\/p>\n","protected":false},"author":3,"featured_media":631773,"comment_status":"open","ping_status":"open","sticky":false,"template":"","format":"standard","meta":{"_monsterinsights_skip_tracking":false,"_monsterinsights_sitenote_active":false,"_monsterinsights_sitenote_note":"","_monsterinsights_sitenote_category":0,"footnotes":""},"categories":[17,10],"tags":[17053,100728],"class_list":["post-631672","post","type-post","status-publish","format-standard","has-post-thumbnail","hentry","category-especiales","category-deportes","tag-autodromo-hermanos-rodriguez","tag-nascar-cup-series"],"_links":{"self":[{"href":"https:\/\/www.diarioimagen.net\/index.php?rest_route=\/wp\/v2\/posts\/631672","targetHints":{"allow":["GET"]}}],"collection":[{"href":"https:\/\/www.diarioimagen.net\/index.php?rest_route=\/wp\/v2\/posts"}],"about":[{"href":"https:\/\/www.diarioimagen.net\/index.php?rest_route=\/wp\/v2\/types\/post"}],"author":[{"embeddable":true,"href":"https:\/\/www.diarioimagen.net\/index.php?rest_route=\/wp\/v2\/users\/3"}],"replies":[{"embeddable":true,"href":"https:\/\/www.diarioimagen.net\/index.php?rest_route=%2Fwp%2Fv2%2Fcomments&post=631672"}],"version-history":[{"count":0,"href":"https:\/\/www.diarioimagen.net\/index.php?rest_route=\/wp\/v2\/posts\/631672\/revisions"}],"wp:featuredmedia":[{"embeddable":true,"href":"https:\/\/www.diarioimagen.net\/index.php?rest_route=\/wp\/v2\/media\/631773"}],"wp:attachment":[{"href":"https:\/\/www.diarioimagen.net\/index.php?rest_route=%2Fwp%2Fv2%2Fmedia&parent=631672"}],"wp:term":[{"taxonomy":"category","embeddable":true,"href":"https:\/\/www.diarioimagen.net\/index.php?rest_route=%2Fwp%2Fv2%2Fcategories&post=631672"},{"taxonomy":"post_tag","embeddable":true,"href":"https:\/\/www.diarioimagen.net\/index.php?rest_route=%2Fwp%2Fv2%2Ftags&post=631672"}],"curies":[{"name":"wp","href":"https:\/\/api.w.org\/{rel}","templated":true}]}}