{"id":631684,"date":"2024-08-30T00:02:03","date_gmt":"2024-08-30T06:02:03","guid":{"rendered":"https:\/\/www.diarioimagen.net\/?p=631684"},"modified":"2024-08-30T00:46:52","modified_gmt":"2024-08-30T06:46:52","slug":"que-necesidad-de-que-amlo-deje-un-pais-polarizado-a-su-sucesora","status":"publish","type":"post","link":"https:\/\/www.diarioimagen.net\/?p=631684","title":{"rendered":"\u00bfQu\u00e9 necesidad de que AMLO deje un pa\u00eds polarizado a su sucesora?"},"content":{"rendered":"<h2>La Retaguardia<\/h2>\n<h5>Adriana Moreno Cordero<\/h5>\n<p>&nbsp;<\/p>\n<ul>\n<li><strong><em>15 diputados del PVEM pasan a Morena; no es regalo, es acuerdo<\/em><\/strong><\/li>\n<\/ul>\n<p>&nbsp;<\/p>\n<p>Este fin de semana ser\u00e1 uno de los m\u00e1s importantes pol\u00edticamente hablando y no por el VI y \u00faltimo Informe de gobierno de <strong>Andr\u00e9s Manuel L\u00f3pez Obrador<\/strong>, sino porque diputados y senadores rindieron protesta, una vez que el Tribunal Electoral del Poder Judicial de la Federaci\u00f3n, (TEPJF) consumara la sobrerrepresentaci\u00f3n de Morena y r\u00e9moras y lo que viene, legislativamente hablando, es un grave y peligroso retroceso en el que el oficialismo podr\u00e1 hacer lo que le venga en gana y la oposici\u00f3n tendr\u00e1 que remar mucho m\u00e1s que a contracorriente porque en el Congreso tendr\u00e1n una presencia meramente testimonial, luego del \u201cregalo\u201d que el INE y el TEPJF le entreg\u00f3 al oficialismo.<\/p>\n<p>No obstante, en esta naciente Legislatura se pondr\u00e1 a prueba la capacidad de la oposici\u00f3n para sobrevivir en medio de esa aplanadora guinda que, sin duda, viol\u00f3 cualquier ley que se le puso enfrente para conseguir la poderosa posici\u00f3n que tiene.<\/p>\n<p>Esto por un lado, porque por el otro, m\u00e1s all\u00e1 de la serie de mentiras que repetir\u00e1 en inquilino de Palacio Nacional en el Z\u00f3calo capitalino el domingo en lo que es sin duda el colmo del cinismo, hay que subrayar que no hab\u00eda ninguna necesidad de irse dejando un clima de verdadera crispaci\u00f3n, polarizaci\u00f3n y enfrentamiento, especialmente, con su controvertida reforma al Poder Judicial, lo que viene a confirmar que L\u00f3pez Obrador ser\u00e1 a partir del primero de octubre, el \u201csusurro tras el trono\u201d, pues si de algo ha dado cuenta la presidenta electa <strong>Claudia Sheinbaum<\/strong>, es que es altamente manipulable por su jefe a quien le debe la posici\u00f3n en la que est\u00e1 y con eso de que \u201camor con amor se paga\u201d\u2026<\/p>\n<p>Tal pareciera que el de Tepetit\u00e1n se regocija con las protestas de los trabajadores del Poder Judicial y no parece reparar -porque no quiere-, en que esto derivar\u00e1 en un caos de proporciones inimaginables y, \u00bfc\u00f3mo para qu\u00e9 dejarle a su sucesora este adverso clima? Desde ahorita se puede prever que no lo podr\u00e1 controlar.<\/p>\n<p>Los trabajadores del Poder Judicial no est\u00e1n jugando con sus protestas. Para muestra est\u00e1 que la juez federal <strong>Juana Fuentes Vel\u00e1zquez<\/strong> inform\u00f3 a los juzgadores que<strong>\u00a0<\/strong>ampliar\u00e1n su solicitud de medidas cautelares a la Comisi\u00f3n Interamericana de Derechos Humanos (CIDH) en\u00a0contra de dicha reforma que por lo visto el presidente quiere ver consumada al precio que sea y por eso tiene previsto que se apruebe y sea publicada en el Diario Oficial de la Federaci\u00f3n antes de irse a Palenque.<\/p>\n<p>\u201cDentro de las acciones por emprender -explic\u00f3 la juez Fuentes Vel\u00e1zquez-, la Jufed estar\u00e1 presente en la organizaci\u00f3n de un side event ante el Consejo de Derechos Humanos de Naciones Unidas en Ginebra, Suiza, el pr\u00f3ximo 10 de septiembre en el que se abordar\u00e1 el tema de la independencia judicial en M\u00e9xico\u201d.<\/p>\n<p>En la semana que inicia, los trabajadores del Poder Judicial, -alrededor de 2 mil 400-, han advertido que su movimiento se podr\u00eda endurecer. Otro factor digno de tomar en consideraci\u00f3n es que en los \u00faltimos d\u00edas, estudiantes de la Facultad de Derecho de la UNAM, se sumaron a las protestas as\u00ed como de otras universidades como la Ibero.<\/p>\n<p>\u00bfOtro movimiento estudiantil en ciernes? La pregunta prende focos rojos porque tal parece que el Presidente s\u00f3lo se aferra al de 1968. Se olvida tambi\u00e9n que \u00e9l organiz\u00f3 el famoso plant\u00f3n de la avenida Paseo de la Reforma. O sea, si \u00e9l no es el que protagoniza o se manifiestan en su contra, todo est\u00e1 mal y echa mano de su odio y venganza.<\/p>\n<p>Y el domingo, precisamente el mismo d\u00eda del \u00faltimo Informe de L\u00f3pez Obrador, trabajadores del Poder Judicial marchar\u00e1n del \u00c1ngel de la Independencia al Senado de la Rep\u00fablica con vestimenta blanca\u00a0 y los estudiantes de Derecho ya se plantean adherirse a esta manifestaci\u00f3n porque coinciden que con los dichos del Presidente a que no se dejen enga\u00f1ar por sus maestros, representa un insulto hacia los estudiantes de Derecho; \u201ces sorprendente que le est\u00e9 dando la espalda a la Universidad en la que \u00e9l estudi\u00f3 (aunque se tard\u00f3 14 a\u00f1os), demeritando una causa noble\u201d, declar\u00f3 uno de esos miles de estudiantes que seguir\u00e1n con sus movilizaciones y esto seguir\u00e1 escalando.<\/p>\n<p style=\"text-align: center;\"><strong>Municiones<\/strong><\/p>\n<p><strong>***<\/strong> Y ahora resulta que no es \u201cregalo\u201d, los 15 diputados que generosamente les dio el Verde Ecologista a la fracci\u00f3n parlamentaria de Morena para que este \u00faltimo instituto pol\u00edtico obtuviera el control absoluto de la Junta de Coordinaci\u00f3n Pol\u00edtica de la C\u00e1mara de Diputados. Estamos ante una simulaci\u00f3n abierta por parte de un partido que a lo largo de su trayectoria se ha caracterizado por\u00a0 hacer c\u00e1lculo pol\u00edtico para seguir en una buena posici\u00f3n y acomodarse de acuerdo a sus muy personales intereses, siempre al lado del ganador, de ah\u00ed lo acomodaticios que han sido. <strong>Carlos Puente<\/strong> dijo que la transferencia de legisladores es \u201cpr\u00e1ctica parlamentaria que es de lo m\u00e1s normal, ha pasado en todas las Legislaturas\u201d. Por su parte, el coordinador de la fracci\u00f3n parlamentaria morenista en San L\u00e1zaro, Ricardo Monreal, declar\u00f3 que su partido no est\u00e1 buscando distribuir a ninguna bancada, sino que se trat\u00f3 de un acuerdo entre ambos partidos, \u201ctuvimos un acuerdo muy importante\u201d y agradeci\u00f3 al partido del tuc\u00e1n su generosidad taaan desinteresada. \u00a1Qu\u00e9 tal!<\/p>\n<p><strong>***<\/strong> La Presidenta Electa dio a conocer que <strong>Bertha G\u00f3mez<\/strong>, quien actualmente se desempe\u00f1a como secretaria de Finanzas del Gobierno de la Ciudad de M\u00e9xico, ser\u00e1 la pr\u00f3xima titular de la\u00a0Subsecretar\u00eda de Egresos de la Secretar\u00eda de Hacienda y Cr\u00e9dito P\u00fablico. Sheinbaum destac\u00f3 que hay \u201cun enroque, como se podr\u00e1n dar cuenta, <strong>Juan Pablo de Botton<\/strong>, actual subsecretario de Egresos, se va de secretario de Finanzas al gobierno de la ciudad (de M\u00e9xico) y la actual secretaria de Finanzas, que sustituy\u00f3 a <strong>Luz Elena Gonz\u00e1lez<\/strong>, que siempre ha sido la subsecretaria de Egresos del gobierno de la ciudad, viene como subsecretaria de Egresos; de profesi\u00f3n economista\u201d. Analistas econ\u00f3micos consideran un buen fichaje el de Bertha G\u00f3mez, quien conoce del tema y sabe c\u00f3mo est\u00e1 la cuesti\u00f3n del gasto.<\/p>\n<p><strong>***<\/strong> Con excentricidades y estramb\u00f3tico como suele ser, el flamante presidente de la Mesa Directiva del Senado de la Rep\u00fablica, <strong>Gerardo Fern\u00e1ndez Noro\u00f1a<\/strong>, arranc\u00f3 su gesti\u00f3n. Palabras m\u00e1s, palabras menos, dijo que muchos cre\u00edan que no estaba a la altura del cargo que hoy ocupa, pero que como lleg\u00f3 el tiempo de los plebeyos y las plebeyas, pues entonces ya pudo acceder. Lo dicho, la C\u00e1mara alta se vulgariza teniendo en la Mesa Directiva a un personaje como \u00e9ste y no se trata de discriminaci\u00f3n. Lo bueno es que la senadora <strong>Lilly T\u00e9llez<\/strong> ya prometi\u00f3 hacerle \u201cla vida de cuadritos\u201d al hoy nuevo morenista. No pasar\u00e1 mucho tiempo para que Fern\u00e1ndez Noro\u00f1a empiece a \u201cregar el atole\u201d y muy al estilo del inquilino de Palacio Nacional, a confrontar. Al tiempo.<\/p>\n<p><u><a href=\"mailto:morcora@gmail.com\" target=\"_blank\" rel=\"noopener noreferrer\"><em>morcora@gmail.com<\/em><\/a><\/u><\/p>\n","protected":false},"excerpt":{"rendered":"<p><span style=\"color: #005497;\"><strong>Adriana Moreno Cordero<\/strong><\/span><\/p>\n","protected":false},"author":3,"featured_media":0,"comment_status":"open","ping_status":"open","sticky":false,"template":"","format":"standard","meta":{"_monsterinsights_skip_tracking":false,"_monsterinsights_sitenote_active":false,"_monsterinsights_sitenote_note":"","_monsterinsights_sitenote_category":0,"footnotes":""},"categories":[69370],"tags":[69369,69368,43674],"class_list":["post-631684","post","type-post","status-publish","format-standard","hentry","category-adriana-moreno-cordero","tag-adriana-moreno-cordero","tag-la-retaguardia","tag-opinion"],"_links":{"self":[{"href":"https:\/\/www.diarioimagen.net\/index.php?rest_route=\/wp\/v2\/posts\/631684","targetHints":{"allow":["GET"]}}],"collection":[{"href":"https:\/\/www.diarioimagen.net\/index.php?rest_route=\/wp\/v2\/posts"}],"about":[{"href":"https:\/\/www.diarioimagen.net\/index.php?rest_route=\/wp\/v2\/types\/post"}],"author":[{"embeddable":true,"href":"https:\/\/www.diarioimagen.net\/index.php?rest_route=\/wp\/v2\/users\/3"}],"replies":[{"embeddable":true,"href":"https:\/\/www.diarioimagen.net\/index.php?rest_route=%2Fwp%2Fv2%2Fcomments&post=631684"}],"version-history":[{"count":0,"href":"https:\/\/www.diarioimagen.net\/index.php?rest_route=\/wp\/v2\/posts\/631684\/revisions"}],"wp:attachment":[{"href":"https:\/\/www.diarioimagen.net\/index.php?rest_route=%2Fwp%2Fv2%2Fmedia&parent=631684"}],"wp:term":[{"taxonomy":"category","embeddable":true,"href":"https:\/\/www.diarioimagen.net\/index.php?rest_route=%2Fwp%2Fv2%2Fcategories&post=631684"},{"taxonomy":"post_tag","embeddable":true,"href":"https:\/\/www.diarioimagen.net\/index.php?rest_route=%2Fwp%2Fv2%2Ftags&post=631684"}],"curies":[{"name":"wp","href":"https:\/\/api.w.org\/{rel}","templated":true}]}}