{"id":631807,"date":"2024-09-02T00:02:37","date_gmt":"2024-09-02T06:02:37","guid":{"rendered":"https:\/\/www.diarioimagen.net\/?p=631807"},"modified":"2024-09-04T21:47:38","modified_gmt":"2024-09-05T03:47:38","slug":"asaltos-y-secuestros-convierten-a-la-mexico-puebla-en-zona-sin-ley","status":"publish","type":"post","link":"https:\/\/www.diarioimagen.net\/?p=631807","title":{"rendered":"Asaltos y secuestros convierten a la M\u00e9xico-Puebla en zona sin ley"},"content":{"rendered":"<p>&nbsp;<\/p>\n<h2 style=\"text-align: center;\">En 2023 se reportaron 38 robos diarios<\/h2>\n<p><em>\u00a0<\/em><\/p>\n<ul>\n<li><strong><em>Varios tramos son escenario de constante violencia y delincuencia organizada<\/em><\/strong><\/li>\n<\/ul>\n<p>&nbsp;<\/p>\n<div id=\"attachment_631907\" style=\"width: 470px\" class=\"wp-caption aligncenter\"><a href=\"https:\/\/www.diarioimagen.net\/?attachment_id=631907\" rel=\"attachment wp-att-631907\"><img loading=\"lazy\" decoding=\"async\" aria-describedby=\"caption-attachment-631907\" class=\"size-full wp-image-631907\" src=\"https:\/\/www.diarioimagen.net\/wp-content\/uploads\/2024\/09\/asaltos-y-secuestros.jpg\" alt=\"\" width=\"460\" height=\"270\" srcset=\"https:\/\/www.diarioimagen.net\/wp-content\/uploads\/2024\/09\/asaltos-y-secuestros.jpg 460w, https:\/\/www.diarioimagen.net\/wp-content\/uploads\/2024\/09\/asaltos-y-secuestros-240x141.jpg 240w\" sizes=\"auto, (max-width: 460px) 100vw, 460px\" \/><\/a><p id=\"caption-attachment-631907\" class=\"wp-caption-text\">Los constantes asaltos a automovilistas y a transportistas en la autopista M\u00e9xico-Puebla han convertido a esta importante v\u00eda en un escenario de constante violencia y delincuencia organizada.<\/p><\/div>\n<p>&nbsp;<\/p>\n<p>Atracos y secuestros expr\u00e9s se han convertido en el d\u00eda a d\u00eda de cientos de automovilistas y transportistas que circulan por la autopista M\u00e9xico-Puebla, una de las v\u00edas m\u00e1s transitadas del pa\u00eds y esencial para el transporte de mercanc\u00edas entre la Ciudad de M\u00e9xico y estados del centro.<\/p>\n<p>De acuerdo con datos de la Fiscal\u00eda General de la Rep\u00fablica (FGR) y del Sistema Nacional de Seguridad P\u00fablica (SNSP) a lo largo de 2023 se denunciaron 13 mil 848 robos en esta carretera, lo que implica un promedio de 38 casos cada d\u00eda, lo que la ha convertido en un escenario de constante violencia y delincuencia organizada.<\/p>\n<p>La mayor\u00eda de los casos se registran en \u00e1reas de la autopista donde los delincuentes pueden desplazarse por vialidades que conectan con esa v\u00eda de comunicaci\u00f3n. Esto con el evidente fin de evadirse y poder desplazarse con facilidad.<\/p>\n<p>En cuanto a la forma en la que sorprenden a sus v\u00edctimas, sobresalen el uso de ponchallantas y veh\u00edculos con se\u00f1al\u00e9tica tipo estrobo, que buscan dar la impresi\u00f3n de ser veh\u00edculos policiales para obligar a los conductores a detenerse.<\/p>\n<p>Recientemente, se ha denunciado que, adem\u00e1s de arrojar piedras y huevos a los cristales, ahora tambi\u00e9n se utiliza aceite quemado. La finalidad de estos elementos es obstruir la visibilidad del conductor para forzarlo a detenerse.<\/p>\n<p>Una vez que el veh\u00edculo se detiene, el conductor y, en su caso, los pasajeros son amagados y despojados de sus pertenencias. Eventualmente, las tarjetas de cr\u00e9dito y d\u00e9bito son utilizadas hasta el l\u00edmite. Posteriormente, las v\u00edctimas son liberadas y, en algunos casos, tambi\u00e9n son despojadas de sus unidades; en el mejor de los casos, los delincuentes conservan las llaves.<\/p>\n<p>Las v\u00edctimas son retenidas generalmente en lotes bald\u00edos o \u00e1reas despobladas cercanas a la autopista M\u00e9xico-Puebla. Los secuestros expr\u00e9s se realizan, por lo general, al amparo de la noche.<\/p>\n<p style=\"text-align: center;\"><strong>Los casos m\u00e1s sonados<\/strong><\/p>\n<p>Apenas la semana pasada, la ex diputada federal priista Blanca Alcal\u00e1 Ruiz fue v\u00edctima de un secuestro expr\u00e9s cuando delincuentes provocaron la ponchadura de las llantas de la camioneta en el que se trasladaba, a la altura de la caseta de cobro de Chalco, y aprovecharon para obligarla a descender de la misma y privarla de su libertad, para liberarla siete horas despu\u00e9s, tiempo en la que la despojaron de sus pertenencias y tarjetas bancarias. De acuerdo con la versi\u00f3n difundida por Alcal\u00e1 Ruiz, las llantas de su camioneta se poncharon, justamente, al pasar la caseta de Chalco, por lo que su conductor y ella descendieron del veh\u00edculo y en ese momento fueron abordados por delincuentes quienes los enca\u00f1onaron y ah\u00ed privaron de la libertad a la legisladora, posteriormente la internaron en la zona boscosa de la autopista, a la altura de R\u00edo Frio, en donde le arrebataron sus pertenencias y sus tarjetas bancarias.<\/p>\n<p>Alcal\u00e1 Ruiz, agreg\u00f3 que al lugar en donde ella se encontraba llegaron otras personas por las tarjetas y se retiraron del sitio con el fin de realizar retiros bancarios. En tanto que otro grupo de ladrones se dedicaron a llamar a sus contactos para pedirles dinero a nombre de ella o bien para extorsionarlos de forma directa.<\/p>\n<p>Pero los secuestros expr\u00e9s no son nuevos. El 4 de mayo de 2023, elementos de la Secretar\u00eda de Seguridad (SS) del Estado de M\u00e9xico detuvieron a tres hombres, presuntamente implicados en los delitos de robo con violencia a transporte de carga y secuestro expr\u00e9s, y liberaron al conductor de la unidad.<\/p>\n<p>El 20 de marzo de 2024, se inform\u00f3 que empleados de TV Azteca fueron atacados y robados en esta carretera. Los asaltantes los golpearon y amenazaron antes de robar su equipo. Las v\u00edctimas fueron sometidas con los ojos vendados y retenidas por m\u00e1s de una hora. El delito se registr\u00f3 cerca de la caseta de San Mart\u00edn.<\/p>\n<p style=\"text-align: center;\"><strong>Detectan al menos cinco grupos delincuenciales<\/strong><\/p>\n<p>Seg\u00fan un informe interno de la FGR, al menos cinco diferentes grupos delincuenciales operan en esta autopista, dedic\u00e1ndose principalmente al robo de veh\u00edculos de carga. Esta situaci\u00f3n ha generado un clima de inseguridad y temor entre los transportistas que transitan por esta v\u00eda.<\/p>\n<p>En la lista de organizaciones criminales identificadas por la FGR se encuentran \u201dLos Mart\u00ednez\u201d, \u201cLos Negros\u201d, liderados por Areli \u201cN\u201d, alias \u201cLa Negra\u201d; la banda de \u201cEl Loco T\u00e9llez\u201d, cuyo l\u00edder se encuentra actualmente en prisi\u00f3n; \u201cLos Valencia\u201d; y \u201cLos Xolapa\u201d, entre otros. Estos grupos han desarrollado t\u00e1cticas sofisticadas y violentas para llevar a cabo sus cr\u00edmenes, entre las que se incluyen la implementaci\u00f3n de retenes falsos y bloqueos en la carretera, mediante los cuales enga\u00f1an a los transportistas para detener sus veh\u00edculos y as\u00ed cometer los robos.<\/p>\n<p style=\"text-align: center;\"><strong>Operaci\u00f3n de los grupos criminales<\/strong><\/p>\n<p>El informe consigna que \u201cLos Negros\u201d, bajo el liderazgo de Areli \u201cN\u201d, alias \u201cLa Negra\u201d, han destacado por su capacidad para establecer puntos de control falsos en la autopista. Utilizando veh\u00edculos clonados y uniformes falsos de autoridades, logran detener a los camiones de carga, haci\u00e9ndose pasar por operativos de seguridad leg\u00edtimos. Una vez que los transportistas han detenido sus veh\u00edculos, los miembros de la banda proceden a despojarlos de la carga, y en algunos casos, tambi\u00e9n se han reportado agresiones f\u00edsicas contra los conductores.<\/p>\n<p>Por otro lado, la banda de \u201cEl Loco T\u00e9llez\u201d, a pesar de que su l\u00edder principal est\u00e1 preso, sigue operando bajo la direcci\u00f3n de otros miembros. Este grupo es conocido por su violencia extrema y por no dudar en utilizar armas de fuego para amedrentar a los conductores y escoltas de los veh\u00edculos de carga. Los robos realizados por esta banda suelen ser r\u00e1pidos y efectivos, centr\u00e1ndose en mercanc\u00edas de alto valor.<\/p>\n<p>\u201cLos Valencia\u201d y \u201cLos Xolapa\u201d tambi\u00e9n forman parte de esta compleja red de criminalidad en la Autopista M\u00e9xico\u2013Puebla.<\/p>\n","protected":false},"excerpt":{"rendered":"<p>Atracos y secuestros expr\u00e9s se han convertido en el d\u00eda a d\u00eda de cientos de automovilistas y transportistas que circulan por la autopista M\u00e9xico-Puebla, una de las v\u00edas m\u00e1s transitadas del pa\u00eds y esencial para el transporte de mercanc\u00edas entre la Ciudad de M\u00e9xico y estados del centro.<\/p>\n","protected":false},"author":3,"featured_media":631907,"comment_status":"open","ping_status":"open","sticky":false,"template":"","format":"standard","meta":{"_monsterinsights_skip_tracking":false,"_monsterinsights_sitenote_active":false,"_monsterinsights_sitenote_note":"","_monsterinsights_sitenote_category":0,"footnotes":""},"categories":[17,7],"tags":[2367,13955,43677,100732,100730,100731],"class_list":["post-631807","post","type-post","status-publish","format-standard","has-post-thumbnail","hentry","category-especiales","category-seguridad","tag-mexico-puebla","tag-robo","tag-seguridad","tag-zona-sin-ley","tag-los-valencia","tag-los-xolapa"],"_links":{"self":[{"href":"https:\/\/www.diarioimagen.net\/index.php?rest_route=\/wp\/v2\/posts\/631807","targetHints":{"allow":["GET"]}}],"collection":[{"href":"https:\/\/www.diarioimagen.net\/index.php?rest_route=\/wp\/v2\/posts"}],"about":[{"href":"https:\/\/www.diarioimagen.net\/index.php?rest_route=\/wp\/v2\/types\/post"}],"author":[{"embeddable":true,"href":"https:\/\/www.diarioimagen.net\/index.php?rest_route=\/wp\/v2\/users\/3"}],"replies":[{"embeddable":true,"href":"https:\/\/www.diarioimagen.net\/index.php?rest_route=%2Fwp%2Fv2%2Fcomments&post=631807"}],"version-history":[{"count":0,"href":"https:\/\/www.diarioimagen.net\/index.php?rest_route=\/wp\/v2\/posts\/631807\/revisions"}],"wp:featuredmedia":[{"embeddable":true,"href":"https:\/\/www.diarioimagen.net\/index.php?rest_route=\/wp\/v2\/media\/631907"}],"wp:attachment":[{"href":"https:\/\/www.diarioimagen.net\/index.php?rest_route=%2Fwp%2Fv2%2Fmedia&parent=631807"}],"wp:term":[{"taxonomy":"category","embeddable":true,"href":"https:\/\/www.diarioimagen.net\/index.php?rest_route=%2Fwp%2Fv2%2Fcategories&post=631807"},{"taxonomy":"post_tag","embeddable":true,"href":"https:\/\/www.diarioimagen.net\/index.php?rest_route=%2Fwp%2Fv2%2Ftags&post=631807"}],"curies":[{"name":"wp","href":"https:\/\/api.w.org\/{rel}","templated":true}]}}