{"id":631822,"date":"2024-09-02T00:00:19","date_gmt":"2024-09-02T06:00:19","guid":{"rendered":"https:\/\/www.diarioimagen.net\/?p=631822"},"modified":"2024-09-03T01:48:22","modified_gmt":"2024-09-03T07:48:22","slug":"exitosa-campana-limpiemos-edomex-que-se-llevo-a-cabo-en-los-125-municipios","status":"publish","type":"post","link":"https:\/\/www.diarioimagen.net\/?p=631822","title":{"rendered":"Exitosa campa\u00f1a \u201cLimpiemos Edomex\u201d que se llev\u00f3 a cabo en los 125 municipios"},"content":{"rendered":"<p>5<\/p>\n<h2 style=\"text-align: center;\">Jornada encabezada por Delfina G\u00f3mez<\/h2>\n<p>&nbsp;<\/p>\n<ul>\n<li><strong><em>Masiva respuestas de la ciudadan\u00eda, empresarios y legisladores mexiquenses<\/em><\/strong><\/li>\n<\/ul>\n<p><strong>\u00a0<\/strong><\/p>\n<div id=\"attachment_631929\" style=\"width: 470px\" class=\"wp-caption aligncenter\"><a href=\"https:\/\/www.diarioimagen.net\/?attachment_id=631929\" rel=\"attachment wp-att-631929\"><img loading=\"lazy\" decoding=\"async\" aria-describedby=\"caption-attachment-631929\" class=\"size-full wp-image-631929\" src=\"https:\/\/www.diarioimagen.net\/wp-content\/uploads\/2024\/09\/exitosa-campana-limpiemos-edomex.jpg\" alt=\"\" width=\"460\" height=\"270\" srcset=\"https:\/\/www.diarioimagen.net\/wp-content\/uploads\/2024\/09\/exitosa-campana-limpiemos-edomex.jpg 460w, https:\/\/www.diarioimagen.net\/wp-content\/uploads\/2024\/09\/exitosa-campana-limpiemos-edomex-240x141.jpg 240w\" sizes=\"auto, (max-width: 460px) 100vw, 460px\" \/><\/a><p id=\"caption-attachment-631929\" class=\"wp-caption-text\">Delfina G\u00f3mez \u00c1lvarez dio simult\u00e1neamente el escobazo de salida a la exitosa campa\u00f1a \u201cLimpiemos Nuestro Edomex\u201d en los 125 municipios mexiquenses.<\/p><\/div>\n<p>&nbsp;<\/p>\n<p><strong>Texcoco, Estado de M\u00e9xico.\u2014 <\/strong>La gobernadora del Estado de M\u00e9xico, Delfina G\u00f3mez \u00c1lvarez dio simult\u00e1neamente el escobazo de salida a la exitosa campa\u00f1a \u201cLimpiemos Nuestro Edomex\u201d en los 125 municipios, a la que convoc\u00f3 de manera masiva a la ciudadan\u00eda, empresarios y legisladores para sumarse a esta jornada de limpieza que contribuye a mejorar el medio ambiente y evitar la acumulaci\u00f3n de basura, que es una de las principales causas de inundaciones.<\/p>\n<p>\u201cIniciamos con esta Jornada de Limpiemos Nuestro EdoM\u00e9x, esto surge del an\u00e1lisis, pero sobre todo de percibir a trav\u00e9s de los recorridos, de las visitas que hacemos a los municipios lamentablemente vemos espacios como el que estamos viendo aqu\u00ed, como el que vemos en los enlaces en los 125 municipios del Estado de M\u00e9xico. \u201cY por eso, como Gobierno, dentro de lo que son las Mesas de Seguridad, dentro de lo que son las reuniones con los Secretarios que integran el Gabinete, propusimos hacer estas jornadas de limpieza\u201d, refiri\u00f3 la gobernadora Delfina G\u00f3mez \u00c1lvarez.<\/p>\n<p>A trav\u00e9s de una transmisi\u00f3n simult\u00e1nea v\u00eda zoom con las 19 regiones de la entidad, la mandataria estatal encabez\u00f3 el arranque de la limpieza de calles, carreteras, parques, canales y r\u00edos mediante brigadas dirigidas por los titulares de las Secretar\u00edas y organismos del Gobierno estatal, acompa\u00f1ados de servidores p\u00fablicos e integrantes de los 125 ayuntamientos, as\u00ed como sociedad en general que se sum\u00f3 a esta iniciativa.<\/p>\n<p style=\"text-align: center;\"><strong>Arranque en Texcoco<\/strong><\/p>\n<p>Desde la Colonia San Felipe en el municipio de Texcoco, la gobernadora Delfina G\u00f3mez \u00c1lvarez destac\u00f3 la importancia de limpiar calles y carreteras de basura para prevenir situaciones como la que est\u00e1 viviendo actualmente el municipio de Chalco debido a un mal manejo de los residuos.<\/p>\n<p>\u201cLamentablemente ya lo vivimos en Chalco, ahorita estamos pasando una situaci\u00f3n muy complicada por un mal manejo de basura, por una situaci\u00f3n tambi\u00e9n de atenci\u00f3n al manejo de lo que es la basura en lo que se refiere a los \u00f3rdenes de gobierno. Y creo que a todas nos toca dar soluci\u00f3n\u201d, coment\u00f3 la Gobernadora Delfina G\u00f3mez \u00c1lvarez.<\/p>\n<p>Adem\u00e1s, la titular del Ejecutivo estatal reconoci\u00f3 que este problema no se solucionar\u00e1 en un d\u00eda por lo que anunci\u00f3 que esta campa\u00f1a de \u201cLimpiemos Nuestro Edomex\u201d ser\u00e1 permanente. Destac\u00f3 tambi\u00e9n que uniendo esfuerzos gobierno y sociedad se puede lograr la transformaci\u00f3n del Estado de M\u00e9xico para brindar a las y los mexiquenses espacios p\u00fablicos dignos que promuevan el sano esparcimiento en un ambiente limpio.<\/p>\n<p>Con esta iniciativa el Gobierno que encabeza la Maestra Delfina G\u00f3mez \u00c1lvarez busca concientizar a las y los mexiquenses sobre la importancia de Recuperar, Reutilizar, Reciclar, Reducir y disponer los residuos que se acumulan en barrios, calles y colonias mexiquenses para mejorar la imagen urbana y el cuidado de su salud.<\/p>\n<p>En el arranque de la Jornada de \u201cLimpiemos Nuestro EdoM\u00e9x acompa\u00f1aron a la gobernadora Delfina G\u00f3mez \u00c1lvarez, Miguel \u00c1ngel Hern\u00e1ndez Espejel, Secretario de Educaci\u00f3n, Ciencia, Tecnolog\u00eda e Innovaci\u00f3n; Elizabeth Terrazas Ram\u00edrez, Presidenta Municipal de Texcoco; as\u00ed como servidores p\u00fablicos del gobierno estatal y municipal.<\/p>\n","protected":false},"excerpt":{"rendered":"<p>La gobernadora del Estado de M\u00e9xico, Delfina G\u00f3mez \u00c1lvarez dio simult\u00e1neamente el escobazo de salida a la exitosa campa\u00f1a \u201cLimpiemos Nuestro Edomex\u201d en los 125 municipios, a la que convoc\u00f3 de manera masiva a la ciudadan\u00eda, empresarios y legisladores para sumarse a esta jornada de limpieza que contribuye a mejorar el medio ambiente y evitar la acumulaci\u00f3n de basura, que es una de las principales causas de inundaciones.<\/p>\n","protected":false},"author":3,"featured_media":631929,"comment_status":"open","ping_status":"open","sticky":false,"template":"","format":"standard","meta":{"_monsterinsights_skip_tracking":false,"_monsterinsights_sitenote_active":false,"_monsterinsights_sitenote_note":"","_monsterinsights_sitenote_category":0,"footnotes":""},"categories":[5,99730],"tags":[100737,6185,57859,100736],"class_list":["post-631822","post","type-post","status-publish","format-standard","has-post-thumbnail","hentry","category-estado-de-mexico","category-edomex","tag-a-cabo","tag-campana","tag-delfina-gomez-alvarez","tag-limpiemos-edomex"],"_links":{"self":[{"href":"https:\/\/www.diarioimagen.net\/index.php?rest_route=\/wp\/v2\/posts\/631822","targetHints":{"allow":["GET"]}}],"collection":[{"href":"https:\/\/www.diarioimagen.net\/index.php?rest_route=\/wp\/v2\/posts"}],"about":[{"href":"https:\/\/www.diarioimagen.net\/index.php?rest_route=\/wp\/v2\/types\/post"}],"author":[{"embeddable":true,"href":"https:\/\/www.diarioimagen.net\/index.php?rest_route=\/wp\/v2\/users\/3"}],"replies":[{"embeddable":true,"href":"https:\/\/www.diarioimagen.net\/index.php?rest_route=%2Fwp%2Fv2%2Fcomments&post=631822"}],"version-history":[{"count":0,"href":"https:\/\/www.diarioimagen.net\/index.php?rest_route=\/wp\/v2\/posts\/631822\/revisions"}],"wp:featuredmedia":[{"embeddable":true,"href":"https:\/\/www.diarioimagen.net\/index.php?rest_route=\/wp\/v2\/media\/631929"}],"wp:attachment":[{"href":"https:\/\/www.diarioimagen.net\/index.php?rest_route=%2Fwp%2Fv2%2Fmedia&parent=631822"}],"wp:term":[{"taxonomy":"category","embeddable":true,"href":"https:\/\/www.diarioimagen.net\/index.php?rest_route=%2Fwp%2Fv2%2Fcategories&post=631822"},{"taxonomy":"post_tag","embeddable":true,"href":"https:\/\/www.diarioimagen.net\/index.php?rest_route=%2Fwp%2Fv2%2Ftags&post=631822"}],"curies":[{"name":"wp","href":"https:\/\/api.w.org\/{rel}","templated":true}]}}