{"id":631824,"date":"2024-09-02T00:01:30","date_gmt":"2024-09-02T06:01:30","guid":{"rendered":"https:\/\/www.diarioimagen.net\/?p=631824"},"modified":"2024-09-03T01:02:13","modified_gmt":"2024-09-03T07:02:13","slug":"termina-mi-gestion-como-legislador-pero-mi-labor-social-sigue-david-parra-sanchez","status":"publish","type":"post","link":"https:\/\/www.diarioimagen.net\/?p=631824","title":{"rendered":"Termina mi gesti\u00f3n como legislador, pero mi labor social sigue: David Parra S\u00e1nchez"},"content":{"rendered":"<p>&nbsp;<\/p>\n<p><em><strong>Liderazgos naucalpenses agradecen su apoyo<\/strong><\/em><\/p>\n<p>&nbsp;<\/p>\n<h6>Arturo Baena<\/h6>\n<p>&nbsp;<\/p>\n<div id=\"attachment_631933\" style=\"width: 470px\" class=\"wp-caption aligncenter\"><a href=\"https:\/\/www.diarioimagen.net\/?attachment_id=631933\" rel=\"attachment wp-att-631933\"><img loading=\"lazy\" decoding=\"async\" aria-describedby=\"caption-attachment-631933\" class=\"size-full wp-image-631933\" src=\"https:\/\/www.diarioimagen.net\/wp-content\/uploads\/2024\/09\/termina-mi-gestion.jpg\" alt=\"\" width=\"460\" height=\"270\" srcset=\"https:\/\/www.diarioimagen.net\/wp-content\/uploads\/2024\/09\/termina-mi-gestion.jpg 460w, https:\/\/www.diarioimagen.net\/wp-content\/uploads\/2024\/09\/termina-mi-gestion-240x141.jpg 240w\" sizes=\"auto, (max-width: 460px) 100vw, 460px\" \/><\/a><p id=\"caption-attachment-631933\" class=\"wp-caption-text\">El diputado David Parra S\u00e1nchez anunci\u00f3 que termina gesti\u00f3n como diputado, pero labor social con las familias naucalpenses, tal y como lo hemos hecho por d\u00e9cadas.<\/p><\/div>\n<p>&nbsp;<\/p>\n<p><strong>Naucalpan, Estado de M\u00e9xico.\u2014<\/strong> Mi labor como legislador, efectivamente, concluye\u00a0 el pr\u00f3ximo 4 de septiembre, pero nunca acabar\u00e1 nuestro quehacer de\u00a0 luchar y apoyar a las familias m\u00e1s desprotegidas. Seguiremos con la gesti\u00f3n social, tal y como lo hemos hecho por d\u00e9cadas.<\/p>\n<p>As\u00ed lo expres\u00f3 el diputado David Parra S\u00e1nchez, luego de agradecer las muestras de apoyo a liderazgos de Tepatlaxco, Las Huertas, Izcalli Chamapa, Sat\u00e9lite, Minas Palacio, entre otras, quienes, agradecieron todo el apoyo legislativo que ha realizado en favor de las familias naucalpenses.<\/p>\n<p>\u201cSeguiremos enarbolando las causas de la ciudadan\u00eda y luchando por la justicia social que tanto demandan los naucalpenses y en ello no daremos ni un paso atr\u00e1s, al contrario, seguiremos en pie de lucha a trav\u00e9s de una asociaci\u00f3n civil que en breve daremos a conocer\u201d, dijo.<\/p>\n<p>Mientras tanto, l\u00edderes sociales como Julio Arista, Patricia Hern\u00e1ndez, Rafael Ronquillo, Guadalupe Gley, Susana Toledo, entre muchos otros, refrendaron su apoyo al legislador priista.<\/p>\n<p>En respuesta, Parra S\u00e1nchez, y luego de agradecer el respaldo de las y los naucalpenses, insisti\u00f3 en que \u201cla lucha no acaba aqu\u00ed, en todo momento velaremos por el bienestar de la ciudadan\u00eda,\u00a0 hasta encontrar la justicia social y seguir\u00e9 siendo la voz a sus demandas\u201d, reiter\u00f3. Finalmente, David Parra record\u00f3 que \u201cnunca estar\u00e1n solos. Vamos de la mano para poder encontrar soluciones y exigir se regrese lo que nos han quitado a millones de mexicanos\u201d, concluy\u00f3.<\/p>\n","protected":false},"excerpt":{"rendered":"<p>Mi labor como legislador, efectivamente, concluye\u00a0 el pr\u00f3ximo 4 de septiembre, pero nunca acabar\u00e1 nuestro quehacer de\u00a0 luchar y apoyar a las familias m\u00e1s desprotegidas. Seguiremos con la gesti\u00f3n social, tal y como lo hemos hecho por d\u00e9cadas.<\/p>\n","protected":false},"author":3,"featured_media":631933,"comment_status":"open","ping_status":"open","sticky":false,"template":"","format":"standard","meta":{"_monsterinsights_skip_tracking":false,"_monsterinsights_sitenote_active":false,"_monsterinsights_sitenote_note":"","_monsterinsights_sitenote_category":0,"footnotes":""},"categories":[5],"tags":[29035,43675,100738,970],"class_list":["post-631824","post","type-post","status-publish","format-standard","has-post-thumbnail","hentry","category-estado-de-mexico","tag-david-parra-sanchez","tag-estado-de-mexico","tag-labor-social","tag-naucalpan"],"_links":{"self":[{"href":"https:\/\/www.diarioimagen.net\/index.php?rest_route=\/wp\/v2\/posts\/631824","targetHints":{"allow":["GET"]}}],"collection":[{"href":"https:\/\/www.diarioimagen.net\/index.php?rest_route=\/wp\/v2\/posts"}],"about":[{"href":"https:\/\/www.diarioimagen.net\/index.php?rest_route=\/wp\/v2\/types\/post"}],"author":[{"embeddable":true,"href":"https:\/\/www.diarioimagen.net\/index.php?rest_route=\/wp\/v2\/users\/3"}],"replies":[{"embeddable":true,"href":"https:\/\/www.diarioimagen.net\/index.php?rest_route=%2Fwp%2Fv2%2Fcomments&post=631824"}],"version-history":[{"count":0,"href":"https:\/\/www.diarioimagen.net\/index.php?rest_route=\/wp\/v2\/posts\/631824\/revisions"}],"wp:featuredmedia":[{"embeddable":true,"href":"https:\/\/www.diarioimagen.net\/index.php?rest_route=\/wp\/v2\/media\/631933"}],"wp:attachment":[{"href":"https:\/\/www.diarioimagen.net\/index.php?rest_route=%2Fwp%2Fv2%2Fmedia&parent=631824"}],"wp:term":[{"taxonomy":"category","embeddable":true,"href":"https:\/\/www.diarioimagen.net\/index.php?rest_route=%2Fwp%2Fv2%2Fcategories&post=631824"},{"taxonomy":"post_tag","embeddable":true,"href":"https:\/\/www.diarioimagen.net\/index.php?rest_route=%2Fwp%2Fv2%2Ftags&post=631824"}],"curies":[{"name":"wp","href":"https:\/\/api.w.org\/{rel}","templated":true}]}}