{"id":631828,"date":"2024-09-02T00:03:03","date_gmt":"2024-09-02T06:03:03","guid":{"rendered":"https:\/\/www.diarioimagen.net\/?p=631828"},"modified":"2024-09-02T01:19:02","modified_gmt":"2024-09-02T07:19:02","slug":"crea-el-gobierno-de-cuautitlan-izcalli-catalogo-de-emprendedores","status":"publish","type":"post","link":"https:\/\/www.diarioimagen.net\/?p=631828","title":{"rendered":"Crea el gobierno de Cuautitl\u00e1n Izcalli cat\u00e1logo de emprendedores"},"content":{"rendered":"<p>&nbsp;<\/p>\n<ul>\n<li><em><strong>Promueven crecimiento econ\u00f3mico de familias<\/strong><\/em><\/li>\n<\/ul>\n<p>&nbsp;<\/p>\n<div id=\"attachment_631937\" style=\"width: 470px\" class=\"wp-caption aligncenter\"><a href=\"https:\/\/www.diarioimagen.net\/?attachment_id=631937\" rel=\"attachment wp-att-631937\"><img loading=\"lazy\" decoding=\"async\" aria-describedby=\"caption-attachment-631937\" class=\"size-full wp-image-631937\" src=\"https:\/\/www.diarioimagen.net\/wp-content\/uploads\/2024\/09\/crea-gobierno-cuautitlan.jpg\" alt=\"\" width=\"460\" height=\"270\" srcset=\"https:\/\/www.diarioimagen.net\/wp-content\/uploads\/2024\/09\/crea-gobierno-cuautitlan.jpg 460w, https:\/\/www.diarioimagen.net\/wp-content\/uploads\/2024\/09\/crea-gobierno-cuautitlan-240x141.jpg 240w\" sizes=\"auto, (max-width: 460px) 100vw, 460px\" \/><\/a><p id=\"caption-attachment-631937\" class=\"wp-caption-text\">El gobierno de Karla Fiesco Garc\u00eda present\u00f3 el primer Cat\u00e1logo de Emprendedores y Artesanos.<\/p><\/div>\n<p>&nbsp;<\/p>\n<p><strong>Cuautitl\u00e1n Izcalli, Estado de M\u00e9xico.\u2014<\/strong> El gobierno de esta localidad, encabezado por Karla Fiesco Garc\u00eda, a trav\u00e9s de la Direcci\u00f3n de Desarrollo Econ\u00f3mico y en colaboraci\u00f3n con la Coordinaci\u00f3n de Comunicaci\u00f3n Social, present\u00f3 el primer Cat\u00e1logo de Emprendedores y Artesanos. Esta iniciativa tiene como objetivo principal apoyar y promover el crecimiento econ\u00f3mico de las familias izcallenses.<\/p>\n<p>La presentaci\u00f3n tuvo lugar en el Jard\u00edn del Arte, donde m\u00e1s de 30 emprendedores y artesanos se reunieron para conocer esta herramienta digital, la cual est\u00e1 disponible en la p\u00e1gina oficial del municipio: https:\/\/cuautitlanizcalli.gob.mx\/wp-content\/uploads\/2024\/08\/CATALOGO-DE-EMPREDEDORES-Y-ARTESANOS-COMPRIMIDO.pdf y se actualizar\u00e1 peri\u00f3dicamente para incluir nuevos proyectos de Izcalli.<\/p>\n<p>En este contexto, la titular de la Direcci\u00f3n de Desarrollo Econ\u00f3mico, Ely Quintana, agradeci\u00f3 la colaboraci\u00f3n con el \u00e1rea de Comunicaci\u00f3n Social para la creaci\u00f3n de la publicidad, material impreso y digital del cat\u00e1logo. Por su parte, el Subdirector de Desarrollo Econ\u00f3mico, Dar\u00edo Arregu\u00edn, expres\u00f3 su agradecimiento y confianza en cada uno de los artesanos y emprendedores, y les inform\u00f3 sobre pr\u00f3ximas fechas importantes, tales como \u201cFutura: La Feria de Izcalli\u201d y \u201cMictl\u00e1n\u201d en sus terceras ediciones, donde se planea ofrecerles un espacio para continuar vendiendo sus productos.<\/p>\n<p>Finalmente, Karla Fiesco agradeci\u00f3 a los presentes por ayudar a cumplir uno de los objetivos de la administraci\u00f3n: dar a conocer el talento, la capacidad y la fuerza de las familias izcallenses.<\/p>\n<p>Destac\u00f3 que la econom\u00eda del municipio se fortalece gracias a la constante participaci\u00f3n de los corredores artesanales, lo que permite a Izcalli ser sede de importantes eventos a nivel regional y estatal, revitalizando los espacios p\u00fablicos. Asimismo, mencion\u00f3 que esta herramienta es un legado con el cual se busca sumar m\u00e1s proyectos, aun despu\u00e9s de concluida la actual administraci\u00f3n.<\/p>\n<p>Para los interesados en participar deber\u00e1n acudir a las oficinas de Fomento Tur\u00edstico y Promoci\u00f3n a la Inversi\u00f3n y el Emprendimiento, en el edificio de Operagua de lunes a viernes de 10:00 a 17:00 horas.<\/p>\n","protected":false},"excerpt":{"rendered":"<p>El gobierno de esta localidad, encabezado por Karla Fiesco Garc\u00eda, a trav\u00e9s de la Direcci\u00f3n de Desarrollo Econ\u00f3mico y en colaboraci\u00f3n con la Coordinaci\u00f3n de Comunicaci\u00f3n Social, present\u00f3 el primer Cat\u00e1logo de Emprendedores y Artesanos. Esta iniciativa tiene como objetivo principal apoyar y promover el crecimiento econ\u00f3mico de las familias izcallenses.<\/p>\n","protected":false},"author":3,"featured_media":631937,"comment_status":"open","ping_status":"open","sticky":false,"template":"","format":"standard","meta":{"_monsterinsights_skip_tracking":false,"_monsterinsights_sitenote_active":false,"_monsterinsights_sitenote_note":"","_monsterinsights_sitenote_category":0,"footnotes":""},"categories":[5],"tags":[100740,100741,971,43675,93011],"class_list":["post-631828","post","type-post","status-publish","format-standard","has-post-thumbnail","hentry","category-estado-de-mexico","tag-catalogo","tag-catalogo-de-emprendedores","tag-cuautitlan-izcalli","tag-estado-de-mexico","tag-karla-fiesco-garcia"],"_links":{"self":[{"href":"https:\/\/www.diarioimagen.net\/index.php?rest_route=\/wp\/v2\/posts\/631828","targetHints":{"allow":["GET"]}}],"collection":[{"href":"https:\/\/www.diarioimagen.net\/index.php?rest_route=\/wp\/v2\/posts"}],"about":[{"href":"https:\/\/www.diarioimagen.net\/index.php?rest_route=\/wp\/v2\/types\/post"}],"author":[{"embeddable":true,"href":"https:\/\/www.diarioimagen.net\/index.php?rest_route=\/wp\/v2\/users\/3"}],"replies":[{"embeddable":true,"href":"https:\/\/www.diarioimagen.net\/index.php?rest_route=%2Fwp%2Fv2%2Fcomments&post=631828"}],"version-history":[{"count":0,"href":"https:\/\/www.diarioimagen.net\/index.php?rest_route=\/wp\/v2\/posts\/631828\/revisions"}],"wp:featuredmedia":[{"embeddable":true,"href":"https:\/\/www.diarioimagen.net\/index.php?rest_route=\/wp\/v2\/media\/631937"}],"wp:attachment":[{"href":"https:\/\/www.diarioimagen.net\/index.php?rest_route=%2Fwp%2Fv2%2Fmedia&parent=631828"}],"wp:term":[{"taxonomy":"category","embeddable":true,"href":"https:\/\/www.diarioimagen.net\/index.php?rest_route=%2Fwp%2Fv2%2Fcategories&post=631828"},{"taxonomy":"post_tag","embeddable":true,"href":"https:\/\/www.diarioimagen.net\/index.php?rest_route=%2Fwp%2Fv2%2Ftags&post=631828"}],"curies":[{"name":"wp","href":"https:\/\/api.w.org\/{rel}","templated":true}]}}