{"id":631830,"date":"2024-09-02T00:02:17","date_gmt":"2024-09-02T06:02:17","guid":{"rendered":"https:\/\/www.diarioimagen.net\/?p=631830"},"modified":"2024-09-03T22:40:08","modified_gmt":"2024-09-04T04:40:08","slug":"seguiremos-impulsando-cultura-educacion-y-deporte-ursula-cortes-fernandez","status":"publish","type":"post","link":"https:\/\/www.diarioimagen.net\/?p=631830","title":{"rendered":"Seguiremos impulsando cultura, educaci\u00f3n y deporte: \u00darsula\u00a0Cort\u00e9s\u00a0Fern\u00e1ndez"},"content":{"rendered":"<p>&nbsp;<\/p>\n<p><a href=\"https:\/\/www.diarioimagen.net\/?attachment_id=631935\" rel=\"attachment wp-att-631935\"><img loading=\"lazy\" decoding=\"async\" class=\"aligncenter size-full wp-image-631935\" src=\"https:\/\/www.diarioimagen.net\/wp-content\/uploads\/2024\/09\/seguiremos-impulsando.jpg\" alt=\"\" width=\"460\" height=\"270\" srcset=\"https:\/\/www.diarioimagen.net\/wp-content\/uploads\/2024\/09\/seguiremos-impulsando.jpg 460w, https:\/\/www.diarioimagen.net\/wp-content\/uploads\/2024\/09\/seguiremos-impulsando-240x141.jpg 240w\" sizes=\"auto, (max-width: 460px) 100vw, 460px\" \/><\/a><\/p>\n<p>&nbsp;<\/p>\n<p><strong>Naucalpan, Estado de M\u00e9xico.\u2014 <\/strong>Sin duda, la cultura y el deporte van de la mano y es una herramienta fundamental para el desarrollo de las y j\u00f3venes naucalpenses,\u00a0 es por ello, que seguiremos impulsando este tipo de actividades, pues tambi\u00e9n ayudan al desarrollo personal, del municipio, el Estado y el pa\u00eds.<\/p>\n<p>As\u00ed lo expres\u00f3 la regidora \u00darsula Cort\u00e9s Fern\u00e1ndez, durante la sesi\u00f3n del Cabildo Juvenil realizado en esta localidad, luego de se\u00f1alar que la promoci\u00f3n de valores, puede contribuir a la prevenci\u00f3n de conductas antisociales, a mejorar la calidad de vida y lograr el bienestar personal y social de las personas.<\/p>\n<p>\u201cEs una buena herramienta educativa, siempre y cuando se encuentren los mecanismos\u00a0 y programas de intervenciones que ayuden a quienes realizan este tipo de actividades. El Gobierno y los representantes populares estamos ocupados para apoyar todo lo que implique la superaci\u00f3n\u201d, dijo.<\/p>\n<p>\u00darsula Cort\u00e9s,\u00a0 record\u00f3 qu\u00e9, \u201clas personas que tienen una rutina deportiva en su d\u00eda a d\u00eda, tienen una mejor calidad de vida, frente a aquellos que tienen h\u00e1bitos sedentarios; sobre todo, la pr\u00e1ctica de ejercicio f\u00edsico ayuda a prevenir enfermedades no transmisibles.\u201d, reiter\u00f3.<\/p>\n<p>Luego de felicitar a las y jovenes (todos naucalpenses), se comprometi\u00f3 a mantener un contacto directo para escuchar las necesidades de la juventud\u00a0 no s\u00f3lo en el rubro cultural y deportivo de quienes son el presente y futuro de nuestro pa\u00eds.<\/p>\n<p>\u201cEl camino que ustedes van cimentado, es el correcto. Buscaremos en todo momento apoyar e impulsar su desarrollo para empoderar su futuro\u201d, concluy\u00f3.<\/p>\n","protected":false},"excerpt":{"rendered":"<p>Sin duda, la cultura y el deporte van de la mano y es una herramienta fundamental para el desarrollo de las y j\u00f3venes naucalpenses,\u00a0 es por ello, que seguiremos impulsando este tipo de actividades, pues tambi\u00e9n ayudan al desarrollo personal, del municipio, el Estado y el pa\u00eds.<\/p>\n","protected":false},"author":3,"featured_media":631935,"comment_status":"open","ping_status":"open","sticky":false,"template":"","format":"standard","meta":{"_monsterinsights_skip_tracking":false,"_monsterinsights_sitenote_active":false,"_monsterinsights_sitenote_note":"","_monsterinsights_sitenote_category":0,"footnotes":""},"categories":[5],"tags":[43685,43694,95006],"class_list":["post-631830","post","type-post","status-publish","format-standard","has-post-thumbnail","hentry","category-estado-de-mexico","tag-cultura","tag-educacion","tag-ursula-cortes-fernandez"],"_links":{"self":[{"href":"https:\/\/www.diarioimagen.net\/index.php?rest_route=\/wp\/v2\/posts\/631830","targetHints":{"allow":["GET"]}}],"collection":[{"href":"https:\/\/www.diarioimagen.net\/index.php?rest_route=\/wp\/v2\/posts"}],"about":[{"href":"https:\/\/www.diarioimagen.net\/index.php?rest_route=\/wp\/v2\/types\/post"}],"author":[{"embeddable":true,"href":"https:\/\/www.diarioimagen.net\/index.php?rest_route=\/wp\/v2\/users\/3"}],"replies":[{"embeddable":true,"href":"https:\/\/www.diarioimagen.net\/index.php?rest_route=%2Fwp%2Fv2%2Fcomments&post=631830"}],"version-history":[{"count":0,"href":"https:\/\/www.diarioimagen.net\/index.php?rest_route=\/wp\/v2\/posts\/631830\/revisions"}],"wp:featuredmedia":[{"embeddable":true,"href":"https:\/\/www.diarioimagen.net\/index.php?rest_route=\/wp\/v2\/media\/631935"}],"wp:attachment":[{"href":"https:\/\/www.diarioimagen.net\/index.php?rest_route=%2Fwp%2Fv2%2Fmedia&parent=631830"}],"wp:term":[{"taxonomy":"category","embeddable":true,"href":"https:\/\/www.diarioimagen.net\/index.php?rest_route=%2Fwp%2Fv2%2Fcategories&post=631830"},{"taxonomy":"post_tag","embeddable":true,"href":"https:\/\/www.diarioimagen.net\/index.php?rest_route=%2Fwp%2Fv2%2Ftags&post=631830"}],"curies":[{"name":"wp","href":"https:\/\/api.w.org\/{rel}","templated":true}]}}