{"id":631986,"date":"2024-09-03T00:05:49","date_gmt":"2024-09-03T06:05:49","guid":{"rendered":"https:\/\/www.diarioimagen.net\/?p=631986"},"modified":"2024-09-03T22:27:52","modified_gmt":"2024-09-04T04:27:52","slug":"fortalece-uaemex-la-formacion-continua-de-su-comunidad-docente","status":"publish","type":"post","link":"https:\/\/www.diarioimagen.net\/?p=631986","title":{"rendered":"Fortalece UAEM\u00e9x la formaci\u00f3n continua de su comunidad docente"},"content":{"rendered":"<p>&nbsp;<\/p>\n<div id=\"attachment_632078\" style=\"width: 470px\" class=\"wp-caption aligncenter\"><a href=\"https:\/\/www.diarioimagen.net\/?attachment_id=632078\" rel=\"attachment wp-att-632078\"><img loading=\"lazy\" decoding=\"async\" aria-describedby=\"caption-attachment-632078\" class=\"size-full wp-image-632078\" src=\"https:\/\/www.diarioimagen.net\/wp-content\/uploads\/2024\/09\/uaem-fortalece-formacion.jpg\" alt=\"\" width=\"460\" height=\"270\" srcset=\"https:\/\/www.diarioimagen.net\/wp-content\/uploads\/2024\/09\/uaem-fortalece-formacion.jpg 460w, https:\/\/www.diarioimagen.net\/wp-content\/uploads\/2024\/09\/uaem-fortalece-formacion-240x141.jpg 240w\" sizes=\"auto, (max-width: 460px) 100vw, 460px\" \/><\/a><p id=\"caption-attachment-632078\" class=\"wp-caption-text\">La UAEM\u00e9x realiz\u00f3 la ceremonia de Entrega de Diplomas de la primera promoci\u00f3n del Diplomado en Inteligencia Artificial Aplicada a la Docencia, en la Sala \u201cBenito Ju\u00e1rez Garc\u00eda\u201d del Edificio de Rector\u00eda.<\/p><\/div>\n<p>&nbsp;<\/p>\n<p><strong>Toluca, Estado de M\u00e9xico<\/strong>.\u2014 Por su inter\u00e9s en reforzar sus conocimientos para contribuir a la formaci\u00f3n actualizada que atiende a las necesidades actuales del estudiantado, la Universidad Aut\u00f3noma del Estado de M\u00e9xico (UAEM\u00e9x) realiz\u00f3 la ceremonia de Entrega de Diplomas de la primera promoci\u00f3n del Diplomado en Inteligencia Artificial Aplicada a la Docencia, en la Sala \u201cBenito Ju\u00e1rez Garc\u00eda\u201d del Edificio de Rector\u00eda.<\/p>\n<p>En representaci\u00f3n del rector de la UAEM\u00e9x, Carlos Eduardo Barrera D\u00edaz, el secretario de Docencia, Jos\u00e9 Raymundo Marcial Romero hizo entrega de 52 constancias y diplomas a personal docente que culmin\u00f3 este programa acad\u00e9mico de manera satisfactoria, ofertado por la Direcci\u00f3n del Personal Acad\u00e9mico.<\/p>\n<p>Marcial Romero detall\u00f3 que la dedicaci\u00f3n y esfuerzo de las y los egresados para capacitarse en el uso de las tecnolog\u00edas emergentes demuestra un profundo compromiso con la innovaci\u00f3n educativa y la excelencia acad\u00e9mica, pues la inteligencia artificial abre nuevas oportunidades para enriquecer la educaci\u00f3n y experiencia de las y los alumnos. Asimismo, coment\u00f3 que al dominar estas competencias, la comunidad docente contribuye significativamente al mejoramiento de la calidad acad\u00e9mica de la UAEM\u00e9x, pues brinda al estudiantado las herramientas necesarias para enfrentar los retos futuros a partir de una formaci\u00f3n pertinente, inclusiva y avanzada.<\/p>\n<p>\u201cCon estas acciones, las y los docentes contribuyen a una instituci\u00f3n a la vanguardia de la educaci\u00f3n superior, que adem\u00e1s es la mejor universidad p\u00fablica estatal de M\u00e9xico, refrendando la distinci\u00f3n que la sociedad nos confiere al distinguirnos como la M\u00e1xima Casa de Estudios de nuestra entidad\u201d, subray\u00f3.<\/p>\n<p>En su intervenci\u00f3n, el director de Desarrollo del Personal Acad\u00e9mico, Marco Antonio Luna Pichardo asever\u00f3 que en la educaci\u00f3n superior la inteligencia artificial cobra relevancia al transformar las formas en que se ense\u00f1a y aprende, permitiendo que estos procesos sean m\u00e1s accesibles, personalizados e inclusivos.<\/p>\n<p>En este sentido, resalt\u00f3 que en esta primera promoci\u00f3n, el Diplomado en Inteligencia Artificial Aplicada a la Docencia inici\u00f3 en el mes de febrero y concluy\u00f3 en julio del presente a\u00f1o, el cual fue impartido en l\u00ednea y cont\u00f3 con una participaci\u00f3n de 65 personas -25 hombres y 40 mujeres- de 29 espacios universitarios y tres externos, adem\u00e1s, destac\u00f3 que se contar\u00e1 con una segunda edici\u00f3n para el semestre 2024B.<\/p>\n<p>Por su parte, la profesora del Plantel \u201cDr. \u00c1ngel Ma. Garibay Kintana\u201d de la Escuela Preparatoria y representante de docentes reconocidos, Carmina Clemente Lechuga, resalt\u00f3 que la formaci\u00f3n continua del personal acad\u00e9mico fortalece la calidad educativa y establece un s\u00f3lido desarrollo profesional, lo cual es necesario para contribuir a la creaci\u00f3n de una universidad de excelencia.<\/p>\n<p>Al acto asistieron de la Direcci\u00f3n de Desarrollo del Personal Acad\u00e9mico, el jefe del Departamento de Docencia, Jaime Antonio L\u00f3pez Quintana; la profesora de la Unidad Acad\u00e9mica Profesional Tianguistenco, Lilia Flores V\u00e1zquez; las y los egresados del diplomado, as\u00ed como la comunidad universitaria.<\/p>\n","protected":false},"excerpt":{"rendered":"<p>Por su inter\u00e9s en reforzar sus conocimientos para contribuir a la formaci\u00f3n actualizada que atiende a las necesidades actuales del estudiantado, la Universidad Aut\u00f3noma del Estado de M\u00e9xico (UAEM\u00e9x) realiz\u00f3 la ceremonia de Entrega de Diplomas de la primera promoci\u00f3n del Diplomado en Inteligencia Artificial Aplicada a la Docencia, en la Sala \u201cBenito Ju\u00e1rez Garc\u00eda\u201d del Edificio de Rector\u00eda.<\/p>\n","protected":false},"author":3,"featured_media":632078,"comment_status":"open","ping_status":"open","sticky":false,"template":"","format":"standard","meta":{"_monsterinsights_skip_tracking":false,"_monsterinsights_sitenote_active":false,"_monsterinsights_sitenote_note":"","_monsterinsights_sitenote_category":0,"footnotes":""},"categories":[5],"tags":[83190,41448,76737],"class_list":["post-631986","post","type-post","status-publish","format-standard","has-post-thumbnail","hentry","category-estado-de-mexico","tag-continua","tag-docente","tag-formacion"],"_links":{"self":[{"href":"https:\/\/www.diarioimagen.net\/index.php?rest_route=\/wp\/v2\/posts\/631986","targetHints":{"allow":["GET"]}}],"collection":[{"href":"https:\/\/www.diarioimagen.net\/index.php?rest_route=\/wp\/v2\/posts"}],"about":[{"href":"https:\/\/www.diarioimagen.net\/index.php?rest_route=\/wp\/v2\/types\/post"}],"author":[{"embeddable":true,"href":"https:\/\/www.diarioimagen.net\/index.php?rest_route=\/wp\/v2\/users\/3"}],"replies":[{"embeddable":true,"href":"https:\/\/www.diarioimagen.net\/index.php?rest_route=%2Fwp%2Fv2%2Fcomments&post=631986"}],"version-history":[{"count":0,"href":"https:\/\/www.diarioimagen.net\/index.php?rest_route=\/wp\/v2\/posts\/631986\/revisions"}],"wp:featuredmedia":[{"embeddable":true,"href":"https:\/\/www.diarioimagen.net\/index.php?rest_route=\/wp\/v2\/media\/632078"}],"wp:attachment":[{"href":"https:\/\/www.diarioimagen.net\/index.php?rest_route=%2Fwp%2Fv2%2Fmedia&parent=631986"}],"wp:term":[{"taxonomy":"category","embeddable":true,"href":"https:\/\/www.diarioimagen.net\/index.php?rest_route=%2Fwp%2Fv2%2Fcategories&post=631986"},{"taxonomy":"post_tag","embeddable":true,"href":"https:\/\/www.diarioimagen.net\/index.php?rest_route=%2Fwp%2Fv2%2Ftags&post=631986"}],"curies":[{"name":"wp","href":"https:\/\/api.w.org\/{rel}","templated":true}]}}