{"id":631992,"date":"2024-09-03T00:01:41","date_gmt":"2024-09-03T06:01:41","guid":{"rendered":"https:\/\/www.diarioimagen.net\/?p=631992"},"modified":"2024-09-03T01:45:40","modified_gmt":"2024-09-03T07:45:40","slug":"hay-entusiasmo-por-el-inicio-del-nuevo-gobierno-de-naucalpan-graciela-alexis-santos-garcia","status":"publish","type":"post","link":"https:\/\/www.diarioimagen.net\/?p=631992","title":{"rendered":"Hay entusiasmo por el inicio del nuevo gobierno de Naucalpan: Graciela Alexis Santos Garc\u00eda"},"content":{"rendered":"<p>&nbsp;<\/p>\n<ul>\n<li><em><strong>\u201cIsaac Montoya enarbola lucha por la justicia social\u201d<\/strong><\/em><\/li>\n<\/ul>\n<p><strong>\u00a0<\/strong><\/p>\n<h6>Arturo Baena<\/h6>\n<p>&nbsp;<\/p>\n<div id=\"attachment_632108\" style=\"width: 470px\" class=\"wp-caption aligncenter\"><a href=\"https:\/\/www.diarioimagen.net\/?attachment_id=632108\" rel=\"attachment wp-att-632108\"><img loading=\"lazy\" decoding=\"async\" aria-describedby=\"caption-attachment-632108\" class=\"size-full wp-image-632108\" src=\"https:\/\/www.diarioimagen.net\/wp-content\/uploads\/2024\/09\/hay-entusiasmo-por-inicio.jpg\" alt=\"\" width=\"460\" height=\"270\" srcset=\"https:\/\/www.diarioimagen.net\/wp-content\/uploads\/2024\/09\/hay-entusiasmo-por-inicio.jpg 460w, https:\/\/www.diarioimagen.net\/wp-content\/uploads\/2024\/09\/hay-entusiasmo-por-inicio-240x141.jpg 240w\" sizes=\"auto, (max-width: 460px) 100vw, 460px\" \/><\/a><p id=\"caption-attachment-632108\" class=\"wp-caption-text\">La regidora Graciela Alexis Santos Garc\u00eda se\u00f1al\u00f3 que \u201ca Naucalpan lleg\u00f3 la esperanza y el cambio en beneficio de las y los naucalpenses\u201d.<\/p><\/div>\n<p>&nbsp;<\/p>\n<p><strong>Naucalpan, Estado de M\u00e9xico.\u2014<\/strong> Sin duda que hay un gran \u00e1nimo y entusiasmo ciudadano por el inicio de una nueva administraci\u00f3n que encabezar\u00e1 Isaac Montoya M\u00e1rquez en este municipio, pues enarbola las luchas por la justicia social de los gobiernos emanados de Morena.<\/p>\n<p>As\u00ed lo expres\u00f3 en entrevista, la regidora Graciela Alexis Santos Garc\u00eda, luego de asistir al tercer y \u00faltimo informe legislativo como diputada de Montoya M\u00e1rquez, se\u00f1al\u00f3 que \u201ca Naucalpan lleg\u00f3 la esperanza y el cambio en beneficio de las y los naucalpenses\u201d, ratific\u00f3.<\/p>\n<p>Por otra parte,\u00a0 la representante popular de Morena, asegur\u00f3 que a partir del inicio de la administraci\u00f3n, habr\u00e1 un contacto directo con la ciudadan\u00eda para poder escuchar y atender de manera directa sus necesidades, dijo.<\/p>\n<p>Asimismo, Santos Garcia refrend\u00f3 su compromiso de trabajar las 24\/7,\u00a0 hasta el \u00faltimo minuto que queda de la actual administraci\u00f3n en velar por la ciudadan\u00eda.<\/p>\n<p>Finalmente, la representante\u00a0 popular\u00a0 puntualiz\u00f3 que el de Isacc Montoya, ser\u00e1 un gobierno exitoso,\u00a0 toda vez que habr\u00e1 plena coordinaci\u00f3n con los los gobiernos federal y estatal que habr\u00e1n de coadyuvar con todas y cada una de las acciones del nuevo gobierno.<\/p>\n","protected":false},"excerpt":{"rendered":"<p>Sin duda que hay un gran \u00e1nimo y entusiasmo ciudadano por el inicio de una nueva administraci\u00f3n que encabezar\u00e1 Isaac Montoya M\u00e1rquez en este municipio, pues enarbola las luchas por la justicia social de los gobiernos emanados de Morena.<\/p>\n","protected":false},"author":3,"featured_media":632108,"comment_status":"open","ping_status":"open","sticky":false,"template":"","format":"standard","meta":{"_monsterinsights_skip_tracking":false,"_monsterinsights_sitenote_active":false,"_monsterinsights_sitenote_note":"","_monsterinsights_sitenote_category":0,"footnotes":""},"categories":[5],"tags":[43675,970],"class_list":["post-631992","post","type-post","status-publish","format-standard","has-post-thumbnail","hentry","category-estado-de-mexico","tag-estado-de-mexico","tag-naucalpan"],"_links":{"self":[{"href":"https:\/\/www.diarioimagen.net\/index.php?rest_route=\/wp\/v2\/posts\/631992","targetHints":{"allow":["GET"]}}],"collection":[{"href":"https:\/\/www.diarioimagen.net\/index.php?rest_route=\/wp\/v2\/posts"}],"about":[{"href":"https:\/\/www.diarioimagen.net\/index.php?rest_route=\/wp\/v2\/types\/post"}],"author":[{"embeddable":true,"href":"https:\/\/www.diarioimagen.net\/index.php?rest_route=\/wp\/v2\/users\/3"}],"replies":[{"embeddable":true,"href":"https:\/\/www.diarioimagen.net\/index.php?rest_route=%2Fwp%2Fv2%2Fcomments&post=631992"}],"version-history":[{"count":0,"href":"https:\/\/www.diarioimagen.net\/index.php?rest_route=\/wp\/v2\/posts\/631992\/revisions"}],"wp:featuredmedia":[{"embeddable":true,"href":"https:\/\/www.diarioimagen.net\/index.php?rest_route=\/wp\/v2\/media\/632108"}],"wp:attachment":[{"href":"https:\/\/www.diarioimagen.net\/index.php?rest_route=%2Fwp%2Fv2%2Fmedia&parent=631992"}],"wp:term":[{"taxonomy":"category","embeddable":true,"href":"https:\/\/www.diarioimagen.net\/index.php?rest_route=%2Fwp%2Fv2%2Fcategories&post=631992"},{"taxonomy":"post_tag","embeddable":true,"href":"https:\/\/www.diarioimagen.net\/index.php?rest_route=%2Fwp%2Fv2%2Ftags&post=631992"}],"curies":[{"name":"wp","href":"https:\/\/api.w.org\/{rel}","templated":true}]}}