{"id":632027,"date":"2024-09-03T00:17:17","date_gmt":"2024-09-03T06:17:17","guid":{"rendered":"https:\/\/www.diarioimagen.net\/?p=632027"},"modified":"2024-09-10T00:19:27","modified_gmt":"2024-09-10T06:19:27","slug":"juventud-informada-reforma-rechazada","status":"publish","type":"post","link":"https:\/\/www.diarioimagen.net\/?p=632027","title":{"rendered":"\u201c\u00a1Juventud informada, reforma\u00a0rechazada!\u201d"},"content":{"rendered":"<h2>Caleidoscopio<\/h2>\n<h5>Guillermina G\u00f3mora Ord\u00f3\u00f1ez<\/h5>\n<p>&nbsp;<\/p>\n<p>Una vez m\u00e1s, los estudiantes mexicanos marcan la ruta de los movimientos pol\u00edticos y sociales en el pa\u00eds. Miles de universitarios de la carrera de derecho protestaron contra la reforma al Poder Judicial que impulsa el <strong>presidente Andr\u00e9s Manuel L\u00f3pez Obrador<\/strong> y que pretende elegir por voto popular jueces, magistrados y ministros de la Suprema Corte.<\/p>\n<p>Bajo la consigna<strong>: \u201c\u00a1Juventud informada, reforma rechazada!\u201d<\/strong>, estudiantes de 10 universidades marcharon en la Ciudad de M\u00e9xico para externar su apoyo a los trabajadores del Poder Judicial, que se encuentra en paro indefinido y su rechaz\u00f3 a la reforma constitucional.<\/p>\n<p>Fue la respuesta de los universitarios a la acusaci\u00f3n presidencial de que los est\u00e1n enga\u00f1ando. L\u00f3pez Obrador acus\u00f3 a los maestros de la <strong>Facultad de Derecho de la UNAM<\/strong> de enga\u00f1ar a los estudiantes para que protesten contra la reforma al Poder Judicial. Fue la respuesta a <strong>Claudia Sheinbaum, presidenta electa de M\u00e9xico<\/strong>, que les recomend\u00f3 a los estudiantes inconformes, leer la iniciativa que asegur\u00f3 estar respaldada por el pueblo.<\/p>\n<p>A la manifestaci\u00f3n de la CDMX, se unieron otras en diferentes estados del pa\u00eds, como ha sucedido desde hace dos semanas, y donde participan estudiantes, trabajadores del Poder Judicial y la sociedad civil. Los estudiantes denuncian que L\u00f3pez Obrador pretende promulgar su reforma antes de dejar el cargo el 1 de octubre afectando la carrera judicial y permitiendo la intromisi\u00f3n de \u201cintereses ajenos\u201d en la impartici\u00f3n de justicia.<\/p>\n<p>\u00bfAtender\u00e1n en el Congreso y en Palacio Nacional las advertencias ciudadanas, que se gritan y se exponen en pancartas en las calles de M\u00e9xico?, como:<\/p>\n<p>\u201c\u00a1Si el pueblo se informa, no pasa la reforma!\u201d; \u201c\u00a1El Poder Judicial no se vende, se defiende!\u201d; \u201cM\u00e9xico, aguanta, la UNAM se levanta\u201d; \u201cNo hay futuro sin justicia\u201d; \u201cLa justicia no se vota\u201d; \u201cLa autonom\u00eda no es una t\u00f3mbola\u201d; \u201cPoder Judicial, contrapeso nacional\u201d \u201cSe\u00f1or Presidente, se\u00f1ora Presidenta Electa, a los j\u00f3venes, a los estudiantes, no los enga\u00f1an\u201d; \u201cNorma Pi\u00f1a, no est\u00e1s sola\u201d; \u201cLa justicia no se vende ni requiere de popularidad\u201d; \u201cNadie me cont\u00f3 ni me manipul\u00f3\u201d; \u201c\u00a1Respeto a la divisi\u00f3n de poderes! Estado democr\u00e1tico de Derecho\u201d; \u201c\u00a1M\u00e9xico, escucha, esta es tu lucha!\u201d; \u201cNo va a caer, no va a caer, el Poder Judicial no va a caer\u201d; \u201cLa justicia no se reforma, se fortalece\u201d, \u201cQueremos ser juristas, no pol\u00edticos\u201d; \u201cVenimos a defender el futuro del derecho en M\u00e9xico\u201d; \u201cEsto es una dictadura, no va a pasar esta reforma, defendamos a M\u00e9xico\u201d; \u201cCongreso, anota, la justicia no se vota\u201d, \u201cLa falta de preparaci\u00f3n tambi\u00e9n es corrupci\u00f3n\u201d y \u201c\u00a1La Constituci\u00f3n es de todxs lxs mexicanxs!\u201d, en respuesta a los se\u00f1alamientos presidenciales.<\/p>\n<p>Durante los discursos pronunciados en el \u00c1ngel de la Independencia, los alumnos destacaron que la iniciativa del presidente L\u00f3pez Obrador no resuelve los verdaderos problemas de justicia como el caso Ayotzinapa, los feminicidios o la desaparici\u00f3n forzada. El <strong>ministro Juan Luis Gonz\u00e1lez Alc\u00e1ntara<\/strong>, que particip\u00f3 en la marcha, llam\u00f3 a los legisladores a reflexionar en qu\u00e9 es lo que quiere la sociedad. Advirti\u00f3 que M\u00e9xico est\u00e1 en juego.<\/p>\n<p>Sin embargo, los legisladores de Morena opinan lo contrario. En la <strong>C\u00e1mara de Diputados<\/strong>, la bancada morenista amenaz\u00f3 con llevar a juicio pol\u00edtico a los jueces que ordenaron suspender la discusi\u00f3n de la Reforma al Poder Judicial. <strong>Ricardo Monreal, presidente de la Jucopo en San L\u00e1zaro, <\/strong>consider\u00f3 que los juzgadores se entrometieron en el Poder Legislativo y violaron la Constituci\u00f3n, por lo que interpondr\u00e1n una denuncia contra ellos, acus\u00e1ndolos de presuntos delitos cometidos en la administraci\u00f3n de justicia. <strong>Monreal, <\/strong>confirm\u00f3 que esta semana se aprobar\u00e1 el proyecto.<\/p>\n<p>As\u00ed las cosas, mientras en el frente legislativo de Morena y sus aliados se afanan en cumplir la petici\u00f3n de su l\u00edder <strong>Mario Delgado<\/strong>, de entregar \u201ccomo regalo de jubilaci\u00f3n\u201d a L\u00f3pez Obrador la Reforma al Poder Judicial, los j\u00f3venes estudiantes en el pa\u00eds se dijeron listos para conformar una nueva fuerza opositora a la reforma, de cara a la discusi\u00f3n del dictamen que se har\u00e1 en el Congreso.<\/p>\n<p><strong>Jos\u00e9 Mario de la Garza, integrante del Movimiento de Estudiantes y J\u00f3venes en defensa del Poder Judicial, manifest\u00f3: <\/strong>\u201cEste movimiento es dial\u00f3gico, este movimiento va a limar las asperezas que no han logrado limar la oposici\u00f3n y el oficialismo, los j\u00f3venes estamos listos para abrir el di\u00e1logo, los j\u00f3venes estamos listos para tomar la coyuntura democr\u00e1tica en nuestras manos\u201d<\/p>\n<p>Los universitarios est\u00e1n en pie de lucha por la independencia judicial, por el futuro de un Estado de Derecho y por la democracia del pa\u00eds. Qu\u00e9 esperanzador ver a tantos j\u00f3venes levantar la voz. \u00bfHabr\u00e1 cerraz\u00f3n o di\u00e1logo?<\/p>\n<p style=\"text-align: center;\"><strong>VERICUENTOS<\/strong><\/p>\n<p style=\"text-align: center;\"><strong>Desaparecidos-Sexto Informe <\/strong><\/p>\n<p>Ante las cuentas alegres en el sexto informe de gobierno del presidente L\u00f3pez Obrador, el M\u00e9xico de los desaparecidos encontr\u00f3 voz en <strong>Delia Quiroa, del Colectivo 10 de Marzo, <\/strong>quien desminti\u00f3 la afirmaci\u00f3n de: \u201cse atendi\u00f3 a todos\u201d. La abogada buscadora afirm\u00f3: \u201cno es cierto, a los familiares de desaparecidos no se nos atendi\u00f3 como deber\u00eda de ser\u201d. En materia de seguridad, los familiares de los desaparecidos dijeron que no est\u00e1 apegado a la realidad: \u201ces mentira, se viven secuestros, desapariciones, b\u00fasqueda de nuestros familiares, pelear con autoridades, eso es lo que nosotros vivimos todos los d\u00edas\u201d. <strong>\u00a1T\u00f3mala!<\/strong><\/p>\n<p><a href=\"https:\/\/twitter.com\/guillegomora?lang=es\" target=\"_blank\" rel=\"noopener\"><em>@guillegomora<\/em><\/a><\/p>\n","protected":false},"excerpt":{"rendered":"<p><span style=\"color: #005497;\"><strong>Guillermina G\u00f3mora Ord\u00f3\u00f1ez<\/strong><\/span><\/p>\n","protected":false},"author":3,"featured_media":0,"comment_status":"open","ping_status":"open","sticky":false,"template":"","format":"standard","meta":{"_monsterinsights_skip_tracking":false,"_monsterinsights_sitenote_active":false,"_monsterinsights_sitenote_note":"","_monsterinsights_sitenote_category":0,"footnotes":""},"categories":[58361],"tags":[58362,58363,43674],"class_list":["post-632027","post","type-post","status-publish","format-standard","hentry","category-guillermina-gomora-ordonez","tag-caleidoscopio","tag-guillermina-gomora-ordonez","tag-opinion"],"_links":{"self":[{"href":"https:\/\/www.diarioimagen.net\/index.php?rest_route=\/wp\/v2\/posts\/632027","targetHints":{"allow":["GET"]}}],"collection":[{"href":"https:\/\/www.diarioimagen.net\/index.php?rest_route=\/wp\/v2\/posts"}],"about":[{"href":"https:\/\/www.diarioimagen.net\/index.php?rest_route=\/wp\/v2\/types\/post"}],"author":[{"embeddable":true,"href":"https:\/\/www.diarioimagen.net\/index.php?rest_route=\/wp\/v2\/users\/3"}],"replies":[{"embeddable":true,"href":"https:\/\/www.diarioimagen.net\/index.php?rest_route=%2Fwp%2Fv2%2Fcomments&post=632027"}],"version-history":[{"count":0,"href":"https:\/\/www.diarioimagen.net\/index.php?rest_route=\/wp\/v2\/posts\/632027\/revisions"}],"wp:attachment":[{"href":"https:\/\/www.diarioimagen.net\/index.php?rest_route=%2Fwp%2Fv2%2Fmedia&parent=632027"}],"wp:term":[{"taxonomy":"category","embeddable":true,"href":"https:\/\/www.diarioimagen.net\/index.php?rest_route=%2Fwp%2Fv2%2Fcategories&post=632027"},{"taxonomy":"post_tag","embeddable":true,"href":"https:\/\/www.diarioimagen.net\/index.php?rest_route=%2Fwp%2Fv2%2Ftags&post=632027"}],"curies":[{"name":"wp","href":"https:\/\/api.w.org\/{rel}","templated":true}]}}