{"id":632165,"date":"2024-09-04T00:01:59","date_gmt":"2024-09-04T06:01:59","guid":{"rendered":"https:\/\/www.diarioimagen.net\/?p=632165"},"modified":"2024-09-04T02:18:08","modified_gmt":"2024-09-04T08:18:08","slug":"pleito-entre-perredistas-del-edomex-por-remocion-de-integrantes-de-ese-partido","status":"publish","type":"post","link":"https:\/\/www.diarioimagen.net\/?p=632165","title":{"rendered":"Pleito entre perredistas del Edomex por remoci\u00f3n de integrantes de ese partido"},"content":{"rendered":"<p>&nbsp;<\/p>\n<ul>\n<li><em><strong>Declaran ilegal \u201crenovaci\u00f3n\u201d<\/strong><\/em><\/li>\n<\/ul>\n<p>&nbsp;<\/p>\n<div id=\"attachment_632273\" style=\"width: 470px\" class=\"wp-caption aligncenter\"><a href=\"https:\/\/www.diarioimagen.net\/?attachment_id=632273\" rel=\"attachment wp-att-632273\"><img loading=\"lazy\" decoding=\"async\" aria-describedby=\"caption-attachment-632273\" class=\"size-full wp-image-632273\" src=\"https:\/\/www.diarioimagen.net\/wp-content\/uploads\/2024\/09\/pleito-perredistas.jpg\" alt=\"\" width=\"460\" height=\"270\" srcset=\"https:\/\/www.diarioimagen.net\/wp-content\/uploads\/2024\/09\/pleito-perredistas.jpg 460w, https:\/\/www.diarioimagen.net\/wp-content\/uploads\/2024\/09\/pleito-perredistas-240x141.jpg 240w\" sizes=\"auto, (max-width: 460px) 100vw, 460px\" \/><\/a><p id=\"caption-attachment-632273\" class=\"wp-caption-text\">Agust\u00edn Barrera, presidente estatal del PRD, se\u00f1al\u00f3 que el Consejo Estatal, a pesar de ser el \u00f3rgano m\u00e1ximo de direcci\u00f3n en la entidad, no tiene la autoridad para remover a la dirigencia.<\/p><\/div>\n<p>&nbsp;<\/p>\n<p><strong>Valle de M\u00e9xico.\u2014<\/strong> El Consejo Estatal del PRD en el Estado de M\u00e9xico gener\u00f3 pol\u00e9mica tras la remoci\u00f3n de tres integrantes de la direcci\u00f3n estatal, incluyendo al presidente Agust\u00edn Barrera. Este acto ha sido calificado como ilegal por los afectados, quienes argumentan que el Consejo Estatal no tiene facultades para realizar dichos movimientos, seg\u00fan los estatutos vigentes del partido.<\/p>\n<p>Agust\u00edn Barrera, presidente estatal del PRD, se\u00f1al\u00f3 que el Consejo Estatal, a pesar de ser el \u00f3rgano m\u00e1ximo de direcci\u00f3n en la entidad, no tiene la autoridad para remover a la dirigencia. \u201cImpugnaremos ante las instancias correspondientes para corregir esta ilegalidad\u201d, afirm\u00f3 Barrera en entrevista.<\/p>\n<p>Explic\u00f3 que, seg\u00fan los estatutos del partido, s\u00b4lo el Consejo Nacional tienen facultades para emitir reglas relacionadas con la renovaci\u00f3n de \u00f3rganos de direcci\u00f3n en todos los niveles.<\/p>\n<p>\u201cLo que hicieron es completamente ilegal\u201d, enfatiz\u00f3 Barrera Soriano. Adem\u00e1s, consider\u00f3 que esta acci\u00f3n es una respuesta a la disidencia dentro del partido.<\/p>\n<p>Se\u00f1al\u00f3 que la mayor\u00eda que aprob\u00f3 las sustituciones se niega a proponer un cambio real y sigue transitando por la misma ruta que ha llevado al PRD a su situaci\u00f3n actual. \u201cNo quieren hacer una propuesta de partido diferente; al contrario, est\u00e1n perfeccionando los vicios y retrocediendo en \u00e1reas donde se hab\u00eda avanzado\u201d, advirti\u00f3.<\/p>\n<p>Barrera Soriano lament\u00f3 que cerraran al partido y a realizar la afiliaci\u00f3n, lo cual no abrir\u00e1 el partido a la participaci\u00f3n de la militancia. \u201cNombrar una direcci\u00f3n que durar\u00e1 cinco a\u00f1os en el cargo es absurdo. Adem\u00e1s, se est\u00e1n nombrando direcciones municipales a puerta cerrada, lo que limita la participaci\u00f3n de la militancia\u201d, se\u00f1al\u00f3.<\/p>\n<p>Finalmente, dijo que esta sustituci\u00f3n podr\u00eda generar incertidumbre y poner en riesgo el registro del PRD como partido local.<\/p>\n<p>Reiter\u00f3 que impugnar\u00e1n ante los \u00f3rganos jurisdiccionales para corregir lo que consideran una clara violaci\u00f3n a los estatutos del partido.<\/p>\n","protected":false},"excerpt":{"rendered":"<p>El Consejo Estatal del PRD en el Estado de M\u00e9xico gener\u00f3 pol\u00e9mica tras la remoci\u00f3n de tres integrantes de la direcci\u00f3n estatal, incluyendo al presidente Agust\u00edn Barrera. Este acto ha sido calificado como ilegal por los afectados, quienes argumentan que el Consejo Estatal no tiene facultades para realizar dichos movimientos, seg\u00fan los estatutos vigentes del partido.<\/p>\n","protected":false},"author":3,"featured_media":632273,"comment_status":"open","ping_status":"open","sticky":false,"template":"","format":"standard","meta":{"_monsterinsights_skip_tracking":false,"_monsterinsights_sitenote_active":false,"_monsterinsights_sitenote_note":"","_monsterinsights_sitenote_category":0,"footnotes":""},"categories":[5],"tags":[100760,100761],"class_list":["post-632165","post","type-post","status-publish","format-standard","has-post-thumbnail","hentry","category-estado-de-mexico","tag-consejo-estatal-del-prd","tag-remocion"],"_links":{"self":[{"href":"https:\/\/www.diarioimagen.net\/index.php?rest_route=\/wp\/v2\/posts\/632165","targetHints":{"allow":["GET"]}}],"collection":[{"href":"https:\/\/www.diarioimagen.net\/index.php?rest_route=\/wp\/v2\/posts"}],"about":[{"href":"https:\/\/www.diarioimagen.net\/index.php?rest_route=\/wp\/v2\/types\/post"}],"author":[{"embeddable":true,"href":"https:\/\/www.diarioimagen.net\/index.php?rest_route=\/wp\/v2\/users\/3"}],"replies":[{"embeddable":true,"href":"https:\/\/www.diarioimagen.net\/index.php?rest_route=%2Fwp%2Fv2%2Fcomments&post=632165"}],"version-history":[{"count":0,"href":"https:\/\/www.diarioimagen.net\/index.php?rest_route=\/wp\/v2\/posts\/632165\/revisions"}],"wp:featuredmedia":[{"embeddable":true,"href":"https:\/\/www.diarioimagen.net\/index.php?rest_route=\/wp\/v2\/media\/632273"}],"wp:attachment":[{"href":"https:\/\/www.diarioimagen.net\/index.php?rest_route=%2Fwp%2Fv2%2Fmedia&parent=632165"}],"wp:term":[{"taxonomy":"category","embeddable":true,"href":"https:\/\/www.diarioimagen.net\/index.php?rest_route=%2Fwp%2Fv2%2Fcategories&post=632165"},{"taxonomy":"post_tag","embeddable":true,"href":"https:\/\/www.diarioimagen.net\/index.php?rest_route=%2Fwp%2Fv2%2Ftags&post=632165"}],"curies":[{"name":"wp","href":"https:\/\/api.w.org\/{rel}","templated":true}]}}