{"id":632171,"date":"2024-09-04T00:03:46","date_gmt":"2024-09-04T06:03:46","guid":{"rendered":"https:\/\/www.diarioimagen.net\/?p=632171"},"modified":"2024-09-04T02:27:32","modified_gmt":"2024-09-04T08:27:32","slug":"implementa-alcalde-de-atizapan-el-programa-dando-color-a-tu-escuela","status":"publish","type":"post","link":"https:\/\/www.diarioimagen.net\/?p=632171","title":{"rendered":"Implementa alcalde de Atizap\u00e1n el programa \u201cDando\u00a0color\u00a0a\u00a0tu\u00a0escuela\u201d"},"content":{"rendered":"<p>&nbsp;<\/p>\n<p><a href=\"https:\/\/www.diarioimagen.net\/?attachment_id=632269\" rel=\"attachment wp-att-632269\"><img loading=\"lazy\" decoding=\"async\" class=\"aligncenter size-full wp-image-632269\" src=\"https:\/\/www.diarioimagen.net\/wp-content\/uploads\/2024\/09\/implementa-alcalde.jpg\" alt=\"\" width=\"460\" height=\"270\" srcset=\"https:\/\/www.diarioimagen.net\/wp-content\/uploads\/2024\/09\/implementa-alcalde.jpg 460w, https:\/\/www.diarioimagen.net\/wp-content\/uploads\/2024\/09\/implementa-alcalde-240x141.jpg 240w\" sizes=\"auto, (max-width: 460px) 100vw, 460px\" \/><\/a><\/p>\n<p>&nbsp;<\/p>\n<p><strong>Batizap\u00e1n de Zarahoza, Estado de M\u00e9xico.\u2014<\/strong> Con el fin de beneficiar a m\u00e1s de 6 mil estudiantes de diversos niveles escolares, el alcalde de Atizap\u00e1n de Zaragoza, Pedro Rodr\u00edguez Villegas, dio inicio al programa \u201cDando color a tu escuela\u201d, a trav\u00e9s del cual, en conjunto con la Direcci\u00f3n de Educaci\u00f3n, hace entrega de pintura para mantener en mejor estado las instalaciones escolares.<\/p>\n<p>Un total de 3 mil 800 litros de pintura ser\u00e1n entregados a las autoridades de los diferentes planteles en el actual inicio del ciclo escolar 2024-2025, como parte del plan de apoyo que el presidente municipal lleva a cabo para contar con instalaciones dignas en los centros de estudio p\u00fablicos.<\/p>\n","protected":false},"excerpt":{"rendered":"<p>Con el fin de beneficiar a m\u00e1s de 6 mil estudiantes de diversos niveles escolares, el alcalde de Atizap\u00e1n de Zaragoza, Pedro Rodr\u00edguez Villegas, dio inicio al programa \u201cDando color a tu escuela\u201d, a trav\u00e9s del cual, en conjunto con la Direcci\u00f3n de Educaci\u00f3n, hace entrega de pintura para mantener en mejor estado las instalaciones escolares.<\/p>\n","protected":false},"author":3,"featured_media":632269,"comment_status":"open","ping_status":"open","sticky":false,"template":"","format":"standard","meta":{"_monsterinsights_skip_tracking":false,"_monsterinsights_sitenote_active":false,"_monsterinsights_sitenote_note":"","_monsterinsights_sitenote_category":0,"footnotes":""},"categories":[5],"tags":[100765,100766,43675],"class_list":["post-632171","post","type-post","status-publish","format-standard","has-post-thumbnail","hentry","category-estado-de-mexico","tag-batizapan-de-zarahoza","tag-dando-color-a-tu-escuela","tag-estado-de-mexico"],"_links":{"self":[{"href":"https:\/\/www.diarioimagen.net\/index.php?rest_route=\/wp\/v2\/posts\/632171","targetHints":{"allow":["GET"]}}],"collection":[{"href":"https:\/\/www.diarioimagen.net\/index.php?rest_route=\/wp\/v2\/posts"}],"about":[{"href":"https:\/\/www.diarioimagen.net\/index.php?rest_route=\/wp\/v2\/types\/post"}],"author":[{"embeddable":true,"href":"https:\/\/www.diarioimagen.net\/index.php?rest_route=\/wp\/v2\/users\/3"}],"replies":[{"embeddable":true,"href":"https:\/\/www.diarioimagen.net\/index.php?rest_route=%2Fwp%2Fv2%2Fcomments&post=632171"}],"version-history":[{"count":0,"href":"https:\/\/www.diarioimagen.net\/index.php?rest_route=\/wp\/v2\/posts\/632171\/revisions"}],"wp:featuredmedia":[{"embeddable":true,"href":"https:\/\/www.diarioimagen.net\/index.php?rest_route=\/wp\/v2\/media\/632269"}],"wp:attachment":[{"href":"https:\/\/www.diarioimagen.net\/index.php?rest_route=%2Fwp%2Fv2%2Fmedia&parent=632171"}],"wp:term":[{"taxonomy":"category","embeddable":true,"href":"https:\/\/www.diarioimagen.net\/index.php?rest_route=%2Fwp%2Fv2%2Fcategories&post=632171"},{"taxonomy":"post_tag","embeddable":true,"href":"https:\/\/www.diarioimagen.net\/index.php?rest_route=%2Fwp%2Fv2%2Ftags&post=632171"}],"curies":[{"name":"wp","href":"https:\/\/api.w.org\/{rel}","templated":true}]}}