{"id":632205,"date":"2024-09-04T00:03:49","date_gmt":"2024-09-04T06:03:49","guid":{"rendered":"https:\/\/www.diarioimagen.net\/?p=632205"},"modified":"2024-09-04T00:41:56","modified_gmt":"2024-09-04T06:41:56","slug":"el-pais-se-le-va-de-las-manos","status":"publish","type":"post","link":"https:\/\/www.diarioimagen.net\/?p=632205","title":{"rendered":"El pa\u00eds se le va de las manos"},"content":{"rendered":"<h2>Espacio Electoral<\/h2>\n<h5>Eleazar Flores<\/h5>\n<p>&nbsp;<\/p>\n<p><strong>CAOS INTERNO-.<\/strong> Al \u201cMEJOR PRESIDENTE\u201d, palabras textuales de la secretaria de Gobernaci\u00f3n, Luisa Mar\u00eda Alcalde, el pasado domingo en la tribuna m\u00e1s alta del pa\u00eds, se le est\u00e1 escurriendo el control del pa\u00eds, con ejemplos que espero tome usted en cuenta, con tropiezos evidentes.<\/p>\n<p>Por reiterativos, pero con da\u00f1os evidentes, los BLOQUEOS DEL ARCO NORTE nadie los ha podido solucionar, pues los permisionarios han recibido en\u00e9simas promesas de resolver a los operativos de Alcalde Luj\u00e1n, pero se ha quedado en eso, promesas incumplidas, con AFECTACIONES no s\u00f3lo a permisionarios, sino tambi\u00e9n de usuarios consuetudinarios.<\/p>\n<p>Muchas de esas V\u00cdCTIMAS, de los bloqueos en el Arco Norte, son adultos mayores enfermos graves, pero no hay una sola persona de la Segob que destrabe esos nudos.<\/p>\n<p>La semana pasada, una\u00a0 persona\u00a0 dijo a las c\u00e1maras de un noticiero televisivo nocturno que un familiar suyo hab\u00eda fallecido, luego de una espera de dos d\u00edas y que tampoco hubo auxilio para trasladar a la v\u00edctima a su lugar de origen.<\/p>\n<p>La pregunta va dirigida a la joven titular de la Secretar\u00eda de Gobernaci\u00f3n para ver si en alg\u00fan momento de sus periodos presidenciales los titulares enfrentaron problemas.<\/p>\n<p>Hablo de los presidentes Benito Ju\u00e1rez, Francisco I. Madero o L\u00e1zaro C\u00e1rdenas del R\u00edo, no vaya a resultar una broma m\u00e1s como la que nuestros SERVICIOS DE SALUD que ya son mejores que los que se imparten en DINAMARCA.<\/p>\n<p><strong>REFORMA JUDICIAL-.<\/strong> Si lo anterior es muy delicado, los trabajos relacionados con la REFORMA JUDICIAL\u00a0 no tiene paralelo, tanto que nuestros per\u00ednclitos diputados-as tuvieron que cambiar de sede con la posibilidad de que no todos pudieran llegar- a tiempo- a levantar el dedo cuando se trata de las iniciativas presidenciales.<\/p>\n<p>Al fiel estilo de la Cuarta Transformaci\u00f3n, contra viento y marea, se aprobar\u00e1 la reforma al Poder Judicial\u00a0 y en cuanto a los puntos de vista de los UNIVERSITARIOS, BARRAS Y COLEGIOS DEL DERECHO, no pasar\u00e1 nada, ni se modificar\u00e1 UNA SOLA COMA.<\/p>\n<p>Para desclasificar a estos grupos profesionales del DERECHO est\u00e1n las MA\u00d1ANERAS, cuyo predicador los tilda de reaccionarios y conservadores, nada nuevo.<\/p>\n<p>Todas estas HERENCIAS del tabasque\u00f1o las recibir\u00e1 \u00edntegramente a su sucesora, quien no se podr\u00e1 sentir enga\u00f1ada, quedando la materializaci\u00f3n de la elecci\u00f3n o designaci\u00f3n de los magistrados, ministros, jueces de distrito y dem\u00e1s.<\/p>\n<p>Es urgente y delicado, pues es un secreto a voces que la impartici\u00f3n de la JUSTICIA FEDERAL es lenta de origen, ahora imag\u00ednese con jueces y magistrados que literalmente van a llegar a APRENDER EN\u00a0 MUCHOS CAMPOS DE sus nuevos trabajos.<\/p>\n<p>Ante este panorama, prep\u00e1rese para ver m\u00e1s lentitud en todos los campos del Poder Judicial.<\/p>\n<p><em><a href=\"mailto:elefa44@gmail.com\" target=\"_blank\" rel=\"noopener noreferrer\">elefa44@gmail.com<\/a><\/em><\/p>\n","protected":false},"excerpt":{"rendered":"<p><span style=\"color: #005497;\"><strong>Eleazar Flores<\/strong><\/span><\/p>\n","protected":false},"author":3,"featured_media":0,"comment_status":"open","ping_status":"open","sticky":false,"template":"","format":"standard","meta":{"_monsterinsights_skip_tracking":false,"_monsterinsights_sitenote_active":false,"_monsterinsights_sitenote_note":"","_monsterinsights_sitenote_category":0,"footnotes":""},"categories":[81743],"tags":[81744,81776,43674],"class_list":["post-632205","post","type-post","status-publish","format-standard","hentry","category-eleazar-flores","tag-eleazar-flores","tag-espacio-electoral","tag-opinion"],"_links":{"self":[{"href":"https:\/\/www.diarioimagen.net\/index.php?rest_route=\/wp\/v2\/posts\/632205","targetHints":{"allow":["GET"]}}],"collection":[{"href":"https:\/\/www.diarioimagen.net\/index.php?rest_route=\/wp\/v2\/posts"}],"about":[{"href":"https:\/\/www.diarioimagen.net\/index.php?rest_route=\/wp\/v2\/types\/post"}],"author":[{"embeddable":true,"href":"https:\/\/www.diarioimagen.net\/index.php?rest_route=\/wp\/v2\/users\/3"}],"replies":[{"embeddable":true,"href":"https:\/\/www.diarioimagen.net\/index.php?rest_route=%2Fwp%2Fv2%2Fcomments&post=632205"}],"version-history":[{"count":0,"href":"https:\/\/www.diarioimagen.net\/index.php?rest_route=\/wp\/v2\/posts\/632205\/revisions"}],"wp:attachment":[{"href":"https:\/\/www.diarioimagen.net\/index.php?rest_route=%2Fwp%2Fv2%2Fmedia&parent=632205"}],"wp:term":[{"taxonomy":"category","embeddable":true,"href":"https:\/\/www.diarioimagen.net\/index.php?rest_route=%2Fwp%2Fv2%2Fcategories&post=632205"},{"taxonomy":"post_tag","embeddable":true,"href":"https:\/\/www.diarioimagen.net\/index.php?rest_route=%2Fwp%2Fv2%2Ftags&post=632205"}],"curies":[{"name":"wp","href":"https:\/\/api.w.org\/{rel}","templated":true}]}}