{"id":632219,"date":"2024-09-04T00:10:58","date_gmt":"2024-09-04T06:10:58","guid":{"rendered":"https:\/\/www.diarioimagen.net\/?p=632219"},"modified":"2024-09-04T00:54:08","modified_gmt":"2024-09-04T06:54:08","slug":"camino-asfaltado","status":"publish","type":"post","link":"https:\/\/www.diarioimagen.net\/?p=632219","title":{"rendered":"Camino asfaltado"},"content":{"rendered":"<h2>De frente y de perfil<\/h2>\n<h5>Ram\u00f3n Zurita Sahag\u00fan<\/h5>\n<p>&nbsp;<\/p>\n<p>Los comicios del 2 de junio no dejaron solamente un resultado favorable a Morena y sus aliados en el caso de Presidente de la Rep\u00fablica, sino que los posicion\u00f3 en todo el pa\u00eds.<\/p>\n<p>La mayor\u00eda calificada en el Congreso de la Uni\u00f3n (solamente falta un senador para cumplirla) les permite reformar los art\u00edculos de la Constituci\u00f3n o hasta crear una nueva que contenga el articulado que m\u00e1s les parezca.<\/p>\n<p>Esa mayor\u00eda es la que buscaba el presidente L\u00f3pez Obrador desde que anunci\u00f3 el 5 de febrero pasado el env\u00edo de 20 leyes que requer\u00edan el respaldo de una mayor\u00eda calificada, lo que sucedi\u00f3 en las urnas.<\/p>\n<p>De esa forma, la reforma judicial es un hecho, con todos los escollos que deber\u00e1 esquivar, que van desde suspender labores en el Poder Judicial, incluida la Suprema Corte, o cortar los accesos a las c\u00e1maras que deber\u00e1n sesionar y, en su caso, debatir las reformas.<\/p>\n<p>Siempre ha sido as\u00ed, los inconformes con las modificaciones usan las protestas para intentar revertir o impedir que se consolide lo que fragua la mayor\u00eda de la ideolog\u00eda que sea.<\/p>\n<p>Hace muchos a\u00f1os, uno de los principales diputados de la presente legislatura, Alfonso Ram\u00edrez Cu\u00e9llar, encabezaba una de las fracciones de El Barz\u00f3n y decidi\u00f3 introducirse con sus seguidores al recinto legislativo guiando a una serie de jinetes que todo y sus bestias entraron por la fuerza.<\/p>\n<p>Claro que eso era cuando ellos eran oposici\u00f3n y ahora no habr\u00e1 necesidad de nada de eso, ya que, incluso, pueden establecer una sede alterna.<\/p>\n<p>Hay quienes ven en esta acci\u00f3n (cerrar los accesos a San L\u00e1zaro) una provocaci\u00f3n por parte de los paristas del Poder Judicial, pero no hay necesidad de que el gobierno act\u00fae con la fuerza.<\/p>\n<p>Los diputados, que son los primeros que discutir\u00e1n las reformas al Poder Judicial, cuentan con muchas alternativas para sesionar.<\/p>\n<p>Una vez aprobada en la C\u00e1mara de Diputados (se trata de que sea esta misma semana) pasar\u00e1 al Senado donde tampoco tendr\u00e1 problemas, ya que solamente falta un senador para hacer la mayor\u00eda calificada y hay otras variantes que no requieren del senador 86 para aprobar.<\/p>\n<p>La simple falta de un opositor por la raz\u00f3n que sea les da el n\u00famero m\u00e1gico y con la aprobaci\u00f3n de parte del Senado quedan solamente dos caminos, la aprobaci\u00f3n de parte de 17 Congresos de los estados y en eso Morena tiene mayor\u00eda calificada en 18, lo que lo convierte en un simple tr\u00e1mite. Faltar\u00eda solamente la publicaci\u00f3n de la reforma por parte del Ejecutivo federal para que \u00e9sta se eche a andar.<\/p>\n<p>As\u00ed que no hay raz\u00f3n alguna para forzar una situaci\u00f3n que est\u00e1 resuelta y mucho menos violentarla. Las protestas de los universitarios y de los trabajadores del Poder Judicial no generar\u00e1 una escalada de violencia como pretenden algunos que ya hace un paralelismo con los eventos de 1968.<\/p>\n<p>Y es que el movimiento estudiantil que acab\u00f3 en masacre inici\u00f3 con un pleito entre dos preparatorias y la intervenci\u00f3n de una polic\u00eda represora.<\/p>\n<p>El hecho fue minimizado por las autoridades y escal\u00f3 al nivel universitario y termin\u00f3 en tragedia que sent\u00f3 los puntos, a la distancia, del cambio democr\u00e1tico del pa\u00eds.<\/p>\n<p>Por eso urge que las autoridades se sensibilicen y no presionen los tiempos para reformar el Poder Judicial, del que tienen los elementos para hacerlo.<\/p>\n<p style=\"text-align: center;\"><strong>*****<\/strong><\/p>\n<p>En concordancia con la l\u00ednea presidencial, el director general del IMSS, Zo\u00e9 Robledo, sali\u00f3 a explicar el porqu\u00e9 el sistema de salud mexicano es mejor que en Dinamarca. En cinco puntos, el chiapaneco trata explicar las bondades del IMSS-Bienestar: es p\u00fablico, gratuito, universal, preventivo y tiene una planeaci\u00f3n nacional. Lo que no explica es c\u00f3mo combinar esos puntos con la atenci\u00f3n que no se da a la poblaci\u00f3n, la falta de medicamentos, la falta de personal m\u00e9dico, las citas que se dan para enfermedades terminales a largo plazo, ni los grandes negocios que con frecuencia son denunciados en la compra de equipo y medicamentos.<\/p>\n<p><em><a href=\"mailto:ramonzurita44@hotmail.com\" target=\"_blank\" rel=\"noopener noreferrer\">ramonzurita44@hotmail.com<\/a><br \/>\n<a href=\"mailto:ramonzurita44@gmail.com\" target=\"_blank\" rel=\"noopener\">ramonzurita44@gmail.com<\/a><\/em><\/p>\n","protected":false},"excerpt":{"rendered":"<p><span style=\"color: #005497;\"><strong>Ram\u00f3n Zurita Sahag\u00fan<\/strong><\/span><\/p>\n","protected":false},"author":3,"featured_media":0,"comment_status":"open","ping_status":"open","sticky":false,"template":"","format":"standard","meta":{"_monsterinsights_skip_tracking":false,"_monsterinsights_sitenote_active":false,"_monsterinsights_sitenote_note":"","_monsterinsights_sitenote_category":0,"footnotes":""},"categories":[234],"tags":[],"class_list":["post-632219","post","type-post","status-publish","format-standard","hentry","category-ramon-zurita-sahagun"],"_links":{"self":[{"href":"https:\/\/www.diarioimagen.net\/index.php?rest_route=\/wp\/v2\/posts\/632219","targetHints":{"allow":["GET"]}}],"collection":[{"href":"https:\/\/www.diarioimagen.net\/index.php?rest_route=\/wp\/v2\/posts"}],"about":[{"href":"https:\/\/www.diarioimagen.net\/index.php?rest_route=\/wp\/v2\/types\/post"}],"author":[{"embeddable":true,"href":"https:\/\/www.diarioimagen.net\/index.php?rest_route=\/wp\/v2\/users\/3"}],"replies":[{"embeddable":true,"href":"https:\/\/www.diarioimagen.net\/index.php?rest_route=%2Fwp%2Fv2%2Fcomments&post=632219"}],"version-history":[{"count":0,"href":"https:\/\/www.diarioimagen.net\/index.php?rest_route=\/wp\/v2\/posts\/632219\/revisions"}],"wp:attachment":[{"href":"https:\/\/www.diarioimagen.net\/index.php?rest_route=%2Fwp%2Fv2%2Fmedia&parent=632219"}],"wp:term":[{"taxonomy":"category","embeddable":true,"href":"https:\/\/www.diarioimagen.net\/index.php?rest_route=%2Fwp%2Fv2%2Fcategories&post=632219"},{"taxonomy":"post_tag","embeddable":true,"href":"https:\/\/www.diarioimagen.net\/index.php?rest_route=%2Fwp%2Fv2%2Ftags&post=632219"}],"curies":[{"name":"wp","href":"https:\/\/api.w.org\/{rel}","templated":true}]}}