{"id":632302,"date":"2024-09-05T00:01:56","date_gmt":"2024-09-05T06:01:56","guid":{"rendered":"https:\/\/www.diarioimagen.net\/?p=632302"},"modified":"2024-09-05T21:59:07","modified_gmt":"2024-09-06T03:59:07","slug":"diputados-morenistas-y-aliados-avalan-reforma-judicial-de-amlo","status":"publish","type":"post","link":"https:\/\/www.diarioimagen.net\/?p=632302","title":{"rendered":"Diputados morenistas y aliados avalan reforma judicial de\u00a0AMLO"},"content":{"rendered":"<p>&nbsp;<\/p>\n<h2 style=\"text-align: center;\">Se estrena la aplanadora oficialista<\/h2>\n<p><em>\u00a0<\/em><\/p>\n<ul>\n<li><strong><em>El dictamen fue enviado al Senado para su an\u00e1lisis y discusi\u00f3n la pr\u00f3xima semana<\/em><\/strong><\/li>\n<\/ul>\n<p>&nbsp;<\/p>\n<div id=\"attachment_632387\" style=\"width: 470px\" class=\"wp-caption aligncenter\"><a href=\"https:\/\/www.diarioimagen.net\/?attachment_id=632387\" rel=\"attachment wp-att-632387\"><img loading=\"lazy\" decoding=\"async\" aria-describedby=\"caption-attachment-632387\" class=\"size-full wp-image-632387\" src=\"https:\/\/www.diarioimagen.net\/wp-content\/uploads\/2024\/09\/diputados-morenistas.jpg\" alt=\"\" width=\"460\" height=\"270\" srcset=\"https:\/\/www.diarioimagen.net\/wp-content\/uploads\/2024\/09\/diputados-morenistas.jpg 460w, https:\/\/www.diarioimagen.net\/wp-content\/uploads\/2024\/09\/diputados-morenistas-240x141.jpg 240w\" sizes=\"auto, (max-width: 460px) 100vw, 460px\" \/><\/a><p id=\"caption-attachment-632387\" class=\"wp-caption-text\">Durante una marat\u00f3nica sesi\u00f3n en la Sala de Armas del Deportivo Magdalena Mixhuca, diputados morenistas y aliados avalaron en lo particular la controversial reforma judicial con 357 votos a favor, por 130 en contra y cero abstenciones.<\/p><\/div>\n<p>&nbsp;<\/p>\n<p>Tras una sesi\u00f3n ca\u00f3tica de m\u00e1s de 17 horas de debate en la sala de Armas del Deportivo Magdalena Mixhuca, sede alterna, diputados morenistas y aliados aprobaron este mi\u00e9rcoles, en lo general y en lo particular, la reforma al Poder Judicial propuesta por el presidente Andr\u00e9s Manuel L\u00f3pez Obrador para elegir por voto popular a jueces y magistrados y ministros de la Suprema Corte de Justicia.<\/p>\n<p>S\u00f3lo se avalaron cinco modificaciones de sus correligionarios para gratificar a magistrados y jueces y quitar un candado que les imped\u00eda ejercer su profesi\u00f3n antes de dos a\u00f1os despu\u00e9s de concluir su cargo, entre otras, pero no se aprob\u00f3 ninguna de las modificaciones que hab\u00edan anunciado en d\u00edas pasados, como resultado del an\u00e1lisis que realiz\u00f3 el grupo especial para revisar el dictamen.<\/p>\n<p>El dictamen con proyecto de decreto por el que se reforman, adicionan y derogan diversas disposiciones de la Constituci\u00f3n en materia de reforma del Poder Judicial fue aprobado, en lo particular, con 357 votos a favor de Morena y sus aliados y 130 en contra de la oposici\u00f3n, por lo que ahora el dictamen pass\u00f3 al Senado de la Rep\u00fablica.<\/p>\n<p>Si bien hubo pausas, retrasos en espera de diputados opositores, mociones en contra para desarrollar la sesi\u00f3n por parte de la oposici\u00f3n y un agitado y largo debate, los congresistas del oficialismo hicieron valer su mayor\u00eda de m\u00e1s dos tercios en el Congreso que le permite modificar la Constituci\u00f3n sin consenso de ninguna fuerza pol\u00edtica.<\/p>\n<p>El dictamen, propuesto en un paquete de 20 reformas en febrero pasado por el presidente Andr\u00e9s Manuel L\u00f3pez Obrador, aval\u00f3 entre otros puntos: reducir de 11 a 9 los ministros de la SCJN y que su encargo pase de los 15 a los 12 a\u00f1os, adem\u00e1s de dos elecciones para renovar los cargos del Poder Judicial, la primera de ellas extraordinaria, en junio de 2025 y una segunda en 2027.<\/p>\n<p>Tambi\u00e9n contempla la eliminaci\u00f3n de la pensi\u00f3n vitalicia para actuales y futuros ministros de la Corte, y un ajuste a sus remuneraciones al tope m\u00e1ximo establecido para el presidente de M\u00e9xico.<\/p>\n<p>Adem\u00e1s de sustituir el Consejo de la Judicatura Federal por dos instituciones, incluyendo un Tribunal de Disciplina Judicial, y la eliminaci\u00f3n de las dos salas con las que cuenta actualmente la Suprema Corte.<\/p>\n<p>La C\u00e1mara de Diputados llev\u00f3 a cabo la importante y larga sesi\u00f3n, en una sede alterna, la Sala de Armas, un recinto deportivo de los Juegos Ol\u00edmpicos M\u00e9xico 68, para avalar la pol\u00e9mica reforma ante las protestas de los trabajadores del Poder Judicial y de estudiantes universitarios de Derecho, quienes bloquearon el acceso a la C\u00e1mara de Diputados.<\/p>\n<p style=\"text-align: center;\"><strong>Celebra L\u00f3pez Obrador<\/strong><\/p>\n<p>Luego de la aprobaci\u00f3n de su propuesta en la C\u00e1mara de Diputados, el presidente Andr\u00e9s Manuel L\u00f3pez Obrador celebr\u00f3 que avanzara el dictamen: \u201cEs muy buena noticia, muy buena noticia, pasa ya al Senado, 357 contra 130 \u00bfCu\u00e1ntos se necesitaban? 334. Muy bien\u201d, dijo durante la conferencia ma\u00f1anera.<\/p>\n<p>Ahora, la controversial iniciativa deber\u00e1 pasar por un proceso de correcci\u00f3n de estilo, pero sin modificar lo aprobado en el Pleno de la C\u00e1mara de Diputados. Despu\u00e9s ser\u00e1 enviada al Senado de la Rep\u00fablica para su an\u00e1lisis y discusi\u00f3n en comisiones a partir de la pr\u00f3xima semana.<\/p>\n<p>La C\u00e1mara alta, Morena y sus aliados no cuentan con mayor\u00eda calificada como en la de Diputados, sin embargo, circulan versiones de que senadores\u00a0 de la oposici\u00f3n podr\u00edan respaldarla para que avance en fast track. No obstante, el PRI, PAN y MC han llamado a cerrar filas para que \u00e9sta no se avalada.<\/p>\n<p>Una vez que las comisiones del Senado la discutan la propuesta, \u00e9sta deber\u00e1 pasar al Pleno. Si avanza, al tratarse de una reforma constitucional del Ejecutivo, \u00e9sta debe ser enviada a los 32 congresos estatales para su an\u00e1lisis y aprobaci\u00f3n. Para que se haga oficial, dos terceras partes de las legislaturas locales deber\u00e1n dar su visto bueno.<\/p>\n<p>Una vez que eso ocurra, entonces s\u00ed, se regresa al Ejecutivo para su promulgaci\u00f3n y publicaci\u00f3n en el Diario Oficial de la Federaci\u00f3n (DOF).<\/p>\n","protected":false},"excerpt":{"rendered":"<p>Tras una sesi\u00f3n ca\u00f3tica de m\u00e1s de 17 horas de debate en la sala de Armas del Deportivo Magdalena Mixhuca, sede alterna, diputados morenistas y aliados aprobaron este mi\u00e9rcoles, en lo general y en lo particular, la reforma al Poder Judicial propuesta por el presidente Andr\u00e9s Manuel L\u00f3pez Obrador para elegir por voto popular a jueces y magistrados y ministros de la Suprema Corte de Justicia.<\/p>\n","protected":false},"author":3,"featured_media":632387,"comment_status":"open","ping_status":"open","sticky":false,"template":"","format":"standard","meta":{"_monsterinsights_skip_tracking":false,"_monsterinsights_sitenote_active":false,"_monsterinsights_sitenote_note":"","_monsterinsights_sitenote_category":0,"footnotes":""},"categories":[17,3],"tags":[2545,100769,100244],"class_list":["post-632302","post","type-post","status-publish","format-standard","has-post-thumbnail","hentry","category-especiales","category-nacional","tag-amlo","tag-aplanadora","tag-reforma-judicial"],"_links":{"self":[{"href":"https:\/\/www.diarioimagen.net\/index.php?rest_route=\/wp\/v2\/posts\/632302","targetHints":{"allow":["GET"]}}],"collection":[{"href":"https:\/\/www.diarioimagen.net\/index.php?rest_route=\/wp\/v2\/posts"}],"about":[{"href":"https:\/\/www.diarioimagen.net\/index.php?rest_route=\/wp\/v2\/types\/post"}],"author":[{"embeddable":true,"href":"https:\/\/www.diarioimagen.net\/index.php?rest_route=\/wp\/v2\/users\/3"}],"replies":[{"embeddable":true,"href":"https:\/\/www.diarioimagen.net\/index.php?rest_route=%2Fwp%2Fv2%2Fcomments&post=632302"}],"version-history":[{"count":0,"href":"https:\/\/www.diarioimagen.net\/index.php?rest_route=\/wp\/v2\/posts\/632302\/revisions"}],"wp:featuredmedia":[{"embeddable":true,"href":"https:\/\/www.diarioimagen.net\/index.php?rest_route=\/wp\/v2\/media\/632387"}],"wp:attachment":[{"href":"https:\/\/www.diarioimagen.net\/index.php?rest_route=%2Fwp%2Fv2%2Fmedia&parent=632302"}],"wp:term":[{"taxonomy":"category","embeddable":true,"href":"https:\/\/www.diarioimagen.net\/index.php?rest_route=%2Fwp%2Fv2%2Fcategories&post=632302"},{"taxonomy":"post_tag","embeddable":true,"href":"https:\/\/www.diarioimagen.net\/index.php?rest_route=%2Fwp%2Fv2%2Ftags&post=632302"}],"curies":[{"name":"wp","href":"https:\/\/api.w.org\/{rel}","templated":true}]}}