{"id":632313,"date":"2024-09-05T00:07:17","date_gmt":"2024-09-05T06:07:17","guid":{"rendered":"https:\/\/www.diarioimagen.net\/?p=632313"},"modified":"2024-09-05T21:38:25","modified_gmt":"2024-09-06T03:38:25","slug":"inicio-segundo-festival-de-las-tigridias-en-tenancingo-de-la-uaemex","status":"publish","type":"post","link":"https:\/\/www.diarioimagen.net\/?p=632313","title":{"rendered":"Inici\u00f3 Segundo Festival de las Tigridias en Tenancingo de la UAEM\u00e9x"},"content":{"rendered":"<p>&nbsp;<\/p>\n<div id=\"attachment_632381\" style=\"width: 470px\" class=\"wp-caption aligncenter\"><a href=\"https:\/\/www.diarioimagen.net\/?attachment_id=632381\" rel=\"attachment wp-att-632381\"><img loading=\"lazy\" decoding=\"async\" aria-describedby=\"caption-attachment-632381\" class=\"size-full wp-image-632381\" src=\"https:\/\/www.diarioimagen.net\/wp-content\/uploads\/2024\/09\/uaem-inicio-segundo-festival.jpg\" alt=\"\" width=\"460\" height=\"270\" srcset=\"https:\/\/www.diarioimagen.net\/wp-content\/uploads\/2024\/09\/uaem-inicio-segundo-festival.jpg 460w, https:\/\/www.diarioimagen.net\/wp-content\/uploads\/2024\/09\/uaem-inicio-segundo-festival-240x141.jpg 240w\" sizes=\"auto, (max-width: 460px) 100vw, 460px\" \/><\/a><p id=\"caption-attachment-632381\" class=\"wp-caption-text\">La instituci\u00f3n reconoci\u00f3 la trayectoria y vocaci\u00f3n del catedr\u00e1tico e investigador universitario Luis Miguel V\u00e1zquez Garc\u00eda, organizador de esta actividad.<\/p><\/div>\n<p>&nbsp;<\/p>\n<p><strong>Tenancingo, Estado de M\u00e9xico.<\/strong>\u2014 Hasta el pr\u00f3ximo domingo 8 de septiembre, el Centro Universitario Tenancingo de la Universidad Aut\u00f3noma del Estado de M\u00e9xico (UAEM\u00e9x) lleva a cabo el Segundo Festival de las Tigridias, cuyo programa, adem\u00e1s de permitir conocer la riqueza de la tigridia o flor de un d\u00eda, comprende actividades acad\u00e9micas y culturales.<\/p>\n<p>Cabe destacar que en el marco de la inauguraci\u00f3n de esta actividad, que en representaci\u00f3n del rector Carlos Eduardo Barrera D\u00edaz, encabez\u00f3 el director de Centros Universitarios y Unidades Acad\u00e9micas Profesionales Regi\u00f3n A y Encargado del Despacho de la Regi\u00f3n B, Luis Ra\u00fal Ortiz Ram\u00edrez, se reconoci\u00f3 la trayectoria y vocaci\u00f3n del catedr\u00e1tico e investigador universitario Luis Miguel V\u00e1zquez Garc\u00eda, organizador de la Semana de las Tigridias, que luego de 12 ediciones anuales, se transform\u00f3 en el Festival de las Tigridias para seguir compartiendo con la comunidad universitaria y la sociedad en general el conocimiento sobre la tambi\u00e9n llamada flor de tigre.<\/p>\n<p>En este evento, en el que estuvieron presentes la directora del Centro Universitario UAEM Tenancingo, Luz Mar\u00eda Robles Hern\u00e1ndez, as\u00ed como representantes del ayuntamiento de Tenancingo y el Servicio Nacional de Inspecci\u00f3n y Certificaci\u00f3n de Semillas (SNICS), se reconoci\u00f3 el esfuerzo del acad\u00e9mico universitario para conservar la tigridia.<\/p>\n<p>En las terrazas del Centro de Conservaci\u00f3n de Especies Silvestres de este campus de la Aut\u00f3noma mexiquense, Luis Miguel V\u00e1zquez Garc\u00eda refiri\u00f3 que en este espacio se conserva ex situ, la riqueza de la tigridia, que a nivel nacional suma 44 especies.<\/p>\n<p>Detall\u00f3 que desde 2008, la UAEM\u00e9x resguarda ex situ, diferentes especies de tigridia y desde 2011 se llevaba a cabo la Semana de la Tigridia, que ahora se complementa con un programa de actividades acad\u00e9micas y culturales como presentaciones de libros, exposiciones, conferencias, talleres, presentaciones art\u00edsticas y la venta de productos locales.<\/p>\n","protected":false},"excerpt":{"rendered":"<p>Hasta el pr\u00f3ximo domingo 8 de septiembre, el Centro Universitario Tenancingo de la Universidad Aut\u00f3noma del Estado de M\u00e9xico (UAEM\u00e9x) lleva a cabo el Segundo Festival de las Tigridias, cuyo programa, adem\u00e1s de permitir conocer la riqueza de la tigridia o flor de un d\u00eda, comprende actividades acad\u00e9micas y culturales.<\/p>\n","protected":false},"author":3,"featured_media":632381,"comment_status":"open","ping_status":"open","sticky":false,"template":"","format":"standard","meta":{"_monsterinsights_skip_tracking":false,"_monsterinsights_sitenote_active":false,"_monsterinsights_sitenote_note":"","_monsterinsights_sitenote_category":0,"footnotes":""},"categories":[5],"tags":[98389,67878],"class_list":["post-632313","post","type-post","status-publish","format-standard","has-post-thumbnail","hentry","category-estado-de-mexico","tag-festival-de-las-tigridias","tag-uaemex"],"_links":{"self":[{"href":"https:\/\/www.diarioimagen.net\/index.php?rest_route=\/wp\/v2\/posts\/632313","targetHints":{"allow":["GET"]}}],"collection":[{"href":"https:\/\/www.diarioimagen.net\/index.php?rest_route=\/wp\/v2\/posts"}],"about":[{"href":"https:\/\/www.diarioimagen.net\/index.php?rest_route=\/wp\/v2\/types\/post"}],"author":[{"embeddable":true,"href":"https:\/\/www.diarioimagen.net\/index.php?rest_route=\/wp\/v2\/users\/3"}],"replies":[{"embeddable":true,"href":"https:\/\/www.diarioimagen.net\/index.php?rest_route=%2Fwp%2Fv2%2Fcomments&post=632313"}],"version-history":[{"count":0,"href":"https:\/\/www.diarioimagen.net\/index.php?rest_route=\/wp\/v2\/posts\/632313\/revisions"}],"wp:featuredmedia":[{"embeddable":true,"href":"https:\/\/www.diarioimagen.net\/index.php?rest_route=\/wp\/v2\/media\/632381"}],"wp:attachment":[{"href":"https:\/\/www.diarioimagen.net\/index.php?rest_route=%2Fwp%2Fv2%2Fmedia&parent=632313"}],"wp:term":[{"taxonomy":"category","embeddable":true,"href":"https:\/\/www.diarioimagen.net\/index.php?rest_route=%2Fwp%2Fv2%2Fcategories&post=632313"},{"taxonomy":"post_tag","embeddable":true,"href":"https:\/\/www.diarioimagen.net\/index.php?rest_route=%2Fwp%2Fv2%2Ftags&post=632313"}],"curies":[{"name":"wp","href":"https:\/\/api.w.org\/{rel}","templated":true}]}}