{"id":632324,"date":"2024-09-05T00:03:23","date_gmt":"2024-09-05T06:03:23","guid":{"rendered":"https:\/\/www.diarioimagen.net\/?p=632324"},"modified":"2024-09-05T01:01:08","modified_gmt":"2024-09-05T07:01:08","slug":"celebra-naucalpan-de-juarez-150-anos-de-vida-institucional","status":"publish","type":"post","link":"https:\/\/www.diarioimagen.net\/?p=632324","title":{"rendered":"Celebra Naucalpan de Ju\u00e1rez 150 a\u00f1os de vida institucional"},"content":{"rendered":"<p>&nbsp;<\/p>\n<ul>\n<li><em><strong>Destacan riqueza del municipio<\/strong><\/em><\/li>\n<\/ul>\n<p>&nbsp;<\/p>\n<div id=\"attachment_632419\" style=\"width: 470px\" class=\"wp-caption aligncenter\"><a href=\"https:\/\/www.diarioimagen.net\/?attachment_id=632419\" rel=\"attachment wp-att-632419\"><img loading=\"lazy\" decoding=\"async\" aria-describedby=\"caption-attachment-632419\" class=\"size-full wp-image-632419\" src=\"https:\/\/www.diarioimagen.net\/wp-content\/uploads\/2024\/09\/celebra-naucalpan.jpg\" alt=\"\" width=\"460\" height=\"270\" srcset=\"https:\/\/www.diarioimagen.net\/wp-content\/uploads\/2024\/09\/celebra-naucalpan.jpg 460w, https:\/\/www.diarioimagen.net\/wp-content\/uploads\/2024\/09\/celebra-naucalpan-240x141.jpg 240w\" sizes=\"auto, (max-width: 460px) 100vw, 460px\" \/><\/a><p id=\"caption-attachment-632419\" class=\"wp-caption-text\">Al celebrar los 150 a\u00f1os de vida institucional de Naucalpan de Ju\u00e1rez, la alcaldesa Ang\u00e9lica Moya Mar\u00edn asegur\u00f3 que para su administraci\u00f3n, la familia es la base para el progreso del municipio.<\/p><\/div>\n<p>&nbsp;<\/p>\n<p><strong>Naucalpan, Estado de M\u00e9xico.\u2014<\/strong> \u201cHace exactamente 150 a\u00f1os, el pueblo de San Bartolo pas\u00f3 a ser la Villa de Ju\u00e1rez, dando inicio a la vida institucional de lo que hoy es Naucalpan de Ju\u00e1rez, este d\u00eda conmemoramos ese momento hist\u00f3rico y rendimos homenaje a la riqueza de nuestro municipio, la fortaleza de sus cuatro casas y a la perseverancia de m\u00e1s de 250 localidades que nos impulsan hacia adelante\u201d, expres\u00f3 la alcaldesa Ang\u00e9lica Moya Mar\u00edn.<\/p>\n<p>Al celebrar un aniversario m\u00e1s de este acontecimiento, la presidenta municipal asegur\u00f3 que para su administraci\u00f3n, la familia es la base para el progreso de Naucalpan, \u201cah\u00ed, en el n\u00facleo de la sociedad\u00a0 es donde se transmiten los valores que nos forjan como personas, donde se comprende que la uni\u00f3n es nuestra mayor fortaleza y donde se sigue escribiendo la historia de este gran municipio\u201d.<\/p>\n<p>Afirm\u00f3 que el honor m\u00e1s grande que ha tenido es servir a los naucalpenses como presidenta municipal, por lo que, a lo largo de m\u00e1s de dos a\u00f1os y medio de gobierno\u00a0 y hasta concluir su periodo, trabajar\u00e1 con responsabilidad, procurando el bienestar de los naucalpenses y colaborando con ellos para seguir ordenando la casa.<\/p>\n<p>\u201cHoy Naucalpan tiene una base sobre la que podemos escribir un nuevo cap\u00edtulo en nuestra historia, debemos mantenernos unidos para defender lo que nuestros padres y abuelos construyeron. \u00a1Que Vivan los Naucalpenses! \u00a1Que Viva Naucalpan!<\/p>\n<p>En representaci\u00f3n de la gobernadora Delfina G\u00f3mez, el procurador fiscal del Estado de M\u00e9xico, Jos\u00e9 Manuel Miranda, indic\u00f3 que \u201cla riqueza de Naucalpan reside en su gente, que\u00a0 d\u00eda a d\u00eda trabaja para construir un mejor municipio, juntos el gobierno estatal y las autoridades municipales hemos logrado mucho y juntos seguiremos avanzando, entendiendo que poder servir tiene sentido cuando se concretan acciones en favor de la sociedad\u201d.<\/p>\n<p>Expres\u00f3: \u201cAl celebrar un a\u00f1o m\u00e1s de la fundaci\u00f3n de Naucalpan invito a todos los naucalpenses a renovar su compromiso con su tierra, a seguir trabajando con orgullo y dedicaci\u00f3n, a seguir adelante con la misma pasi\u00f3n y determinaci\u00f3n que los han llevado hasta aqu\u00ed, que este aniversario los inspire a recordar que cada acci\u00f3n cuenta y que juntos podemos seguir construyendo un Naucalpan m\u00e1s fuerte, m\u00e1s inclusivo y m\u00e1s pr\u00f3spero para todos\u201d.<\/p>\n","protected":false},"excerpt":{"rendered":"<p>\u201cHace exactamente 150 a\u00f1os, el pueblo de San Bartolo pas\u00f3 a ser la Villa de Ju\u00e1rez, dando inicio a la vida institucional de lo que hoy es Naucalpan de Ju\u00e1rez, este d\u00eda conmemoramos ese momento hist\u00f3rico y rendimos homenaje a la riqueza de nuestro municipio, la fortaleza de sus cuatro casas y a la perseverancia de m\u00e1s de 250 localidades que nos impulsan hacia adelante\u201d, expres\u00f3 la alcaldesa Ang\u00e9lica Moya Mar\u00edn.<\/p>\n","protected":false},"author":3,"featured_media":632419,"comment_status":"open","ping_status":"open","sticky":false,"template":"","format":"standard","meta":{"_monsterinsights_skip_tracking":false,"_monsterinsights_sitenote_active":false,"_monsterinsights_sitenote_note":"","_monsterinsights_sitenote_category":0,"footnotes":""},"categories":[5],"tags":[100775,100774],"class_list":["post-632324","post","type-post","status-publish","format-standard","has-post-thumbnail","hentry","category-estado-de-mexico","tag-celecbra","tag-naucalpan-de-juarez"],"_links":{"self":[{"href":"https:\/\/www.diarioimagen.net\/index.php?rest_route=\/wp\/v2\/posts\/632324","targetHints":{"allow":["GET"]}}],"collection":[{"href":"https:\/\/www.diarioimagen.net\/index.php?rest_route=\/wp\/v2\/posts"}],"about":[{"href":"https:\/\/www.diarioimagen.net\/index.php?rest_route=\/wp\/v2\/types\/post"}],"author":[{"embeddable":true,"href":"https:\/\/www.diarioimagen.net\/index.php?rest_route=\/wp\/v2\/users\/3"}],"replies":[{"embeddable":true,"href":"https:\/\/www.diarioimagen.net\/index.php?rest_route=%2Fwp%2Fv2%2Fcomments&post=632324"}],"version-history":[{"count":0,"href":"https:\/\/www.diarioimagen.net\/index.php?rest_route=\/wp\/v2\/posts\/632324\/revisions"}],"wp:featuredmedia":[{"embeddable":true,"href":"https:\/\/www.diarioimagen.net\/index.php?rest_route=\/wp\/v2\/media\/632419"}],"wp:attachment":[{"href":"https:\/\/www.diarioimagen.net\/index.php?rest_route=%2Fwp%2Fv2%2Fmedia&parent=632324"}],"wp:term":[{"taxonomy":"category","embeddable":true,"href":"https:\/\/www.diarioimagen.net\/index.php?rest_route=%2Fwp%2Fv2%2Fcategories&post=632324"},{"taxonomy":"post_tag","embeddable":true,"href":"https:\/\/www.diarioimagen.net\/index.php?rest_route=%2Fwp%2Fv2%2Ftags&post=632324"}],"curies":[{"name":"wp","href":"https:\/\/api.w.org\/{rel}","templated":true}]}}