{"id":632326,"date":"2024-09-05T00:04:49","date_gmt":"2024-09-05T06:04:49","guid":{"rendered":"https:\/\/www.diarioimagen.net\/?p=632326"},"modified":"2024-09-05T01:05:20","modified_gmt":"2024-09-05T07:05:20","slug":"todo-un-exito-el-programa-limpiemos-nuestro-edomex","status":"publish","type":"post","link":"https:\/\/www.diarioimagen.net\/?p=632326","title":{"rendered":"Todo un \u00e9xito el programa \u201cLimpiemos Nuestro\u00a0Edomex\u201d"},"content":{"rendered":"<p>&nbsp;<\/p>\n<p><a href=\"https:\/\/www.diarioimagen.net\/?attachment_id=632417\" rel=\"attachment wp-att-632417\"><img loading=\"lazy\" decoding=\"async\" class=\"aligncenter size-full wp-image-632417\" src=\"https:\/\/www.diarioimagen.net\/wp-content\/uploads\/2024\/09\/todo-un-exito.jpg\" alt=\"\" width=\"460\" height=\"270\" srcset=\"https:\/\/www.diarioimagen.net\/wp-content\/uploads\/2024\/09\/todo-un-exito.jpg 460w, https:\/\/www.diarioimagen.net\/wp-content\/uploads\/2024\/09\/todo-un-exito-240x141.jpg 240w\" sizes=\"auto, (max-width: 460px) 100vw, 460px\" \/><\/a><\/p>\n<p>&nbsp;<\/p>\n<p><strong>Toluca, Estado de M\u00e9xico.\u2014<\/strong> Todo un \u00e9xito ha sigo el programa \u201cLipiemos Nuestro Edomex\u201d llevado a cabo por las y los integrantes del gabinete estatal y convocado\u00a0 por la gobernadora del Estado de M\u00e9xico, Delfina G\u00f3mez \u00c1lvarez.<\/p>\n<p>En esta primera jornada participaron m\u00e1s de 24 mil servidores p\u00fablicos. Los titulares de las 18 Secretar\u00edas, organismos, y personas servidoras p\u00fablicas de las dependencias estales y municipales participaron en las faenas de deshierbe y limpieza de calles, predios, barrancas y r\u00edos en los 125 municipios mexiquenses.<\/p>\n","protected":false},"excerpt":{"rendered":"<p>Todo un exito ha sigo el programa \u201cLipiemos Nuestro Edomex\u201d llevado a cabo por las y los integrantes del gabinete estatal y convocado\u00a0 por la gobernadora del Estado de M\u00e9xico, Delfina G\u00f3mez \u00c1lvarez.<\/p>\n","protected":false},"author":3,"featured_media":632417,"comment_status":"open","ping_status":"open","sticky":false,"template":"","format":"standard","meta":{"_monsterinsights_skip_tracking":false,"_monsterinsights_sitenote_active":false,"_monsterinsights_sitenote_note":"","_monsterinsights_sitenote_category":0,"footnotes":""},"categories":[5],"tags":[43675,100776,452],"class_list":["post-632326","post","type-post","status-publish","format-standard","has-post-thumbnail","hentry","category-estado-de-mexico","tag-estado-de-mexico","tag-lipiemos-nuestro-edomex","tag-toluca"],"_links":{"self":[{"href":"https:\/\/www.diarioimagen.net\/index.php?rest_route=\/wp\/v2\/posts\/632326","targetHints":{"allow":["GET"]}}],"collection":[{"href":"https:\/\/www.diarioimagen.net\/index.php?rest_route=\/wp\/v2\/posts"}],"about":[{"href":"https:\/\/www.diarioimagen.net\/index.php?rest_route=\/wp\/v2\/types\/post"}],"author":[{"embeddable":true,"href":"https:\/\/www.diarioimagen.net\/index.php?rest_route=\/wp\/v2\/users\/3"}],"replies":[{"embeddable":true,"href":"https:\/\/www.diarioimagen.net\/index.php?rest_route=%2Fwp%2Fv2%2Fcomments&post=632326"}],"version-history":[{"count":0,"href":"https:\/\/www.diarioimagen.net\/index.php?rest_route=\/wp\/v2\/posts\/632326\/revisions"}],"wp:featuredmedia":[{"embeddable":true,"href":"https:\/\/www.diarioimagen.net\/index.php?rest_route=\/wp\/v2\/media\/632417"}],"wp:attachment":[{"href":"https:\/\/www.diarioimagen.net\/index.php?rest_route=%2Fwp%2Fv2%2Fmedia&parent=632326"}],"wp:term":[{"taxonomy":"category","embeddable":true,"href":"https:\/\/www.diarioimagen.net\/index.php?rest_route=%2Fwp%2Fv2%2Fcategories&post=632326"},{"taxonomy":"post_tag","embeddable":true,"href":"https:\/\/www.diarioimagen.net\/index.php?rest_route=%2Fwp%2Fv2%2Ftags&post=632326"}],"curies":[{"name":"wp","href":"https:\/\/api.w.org\/{rel}","templated":true}]}}