{"id":632481,"date":"2024-09-06T00:01:35","date_gmt":"2024-09-06T06:01:35","guid":{"rendered":"https:\/\/www.diarioimagen.net\/?p=632481"},"modified":"2024-09-10T22:22:43","modified_gmt":"2024-09-11T04:22:43","slug":"amlo-inaugurara-en-este-mes-circuito-completo-del-tren-maya","status":"publish","type":"post","link":"https:\/\/www.diarioimagen.net\/?p=632481","title":{"rendered":"AMLO inaugurar\u00e1 en\u00a0este\u00a0mes circuito completo del Tren\u00a0Maya"},"content":{"rendered":"<p>&nbsp;<\/p>\n<h2 style=\"text-align: center;\">Inversi\u00f3n p\u00fablica de 515 mil mdp<\/h2>\n<p>&nbsp;<\/p>\n<ul>\n<li><strong><em>Incluye 690 kil\u00f3metros de doble v\u00eda electrificada, 34 estaciones y 42 convoyes<\/em><\/strong><\/li>\n<\/ul>\n<p><strong>\u00a0<\/strong><\/p>\n<div id=\"attachment_632551\" style=\"width: 470px\" class=\"wp-caption aligncenter\"><a href=\"https:\/\/www.diarioimagen.net\/?attachment_id=632551\" rel=\"attachment wp-att-632551\"><img loading=\"lazy\" decoding=\"async\" aria-describedby=\"caption-attachment-632551\" class=\"size-full wp-image-632551\" src=\"https:\/\/www.diarioimagen.net\/wp-content\/uploads\/2024\/09\/amlo-inaugurara.jpg\" alt=\"\" width=\"460\" height=\"270\" srcset=\"https:\/\/www.diarioimagen.net\/wp-content\/uploads\/2024\/09\/amlo-inaugurara.jpg 460w, https:\/\/www.diarioimagen.net\/wp-content\/uploads\/2024\/09\/amlo-inaugurara-240x141.jpg 240w\" sizes=\"auto, (max-width: 460px) 100vw, 460px\" \/><\/a><p id=\"caption-attachment-632551\" class=\"wp-caption-text\">El presidente Andr\u00e9s Manuel L\u00f3pez Obrador asegur\u00f3 que, en la primera quincena de septiembre, ser\u00e1 inaugurado el circuito total del Tren Maya.<\/p><\/div>\n<p>&nbsp;<\/p>\n<p>&nbsp;<\/p>\n<p>El presidente Andr\u00e9s Manuel L\u00f3pez Obrador asegur\u00f3 que, en la primera quincena de septiembre, antes de concluir su mandato, ser\u00e1 inaugurado el circuito de mil 554 kil\u00f3metros del Tren Maya.<\/p>\n<p>Durante su informe presidencial en el Z\u00f3calo de la Ciudad de M\u00e9xico inform\u00f3 que este proyecto prioritario del Gobierno de M\u00e9xico incluye 690 kil\u00f3metros de doble v\u00eda electrificada, 34 estaciones y 42 convoyes adquiridos. Gener\u00f3 660 mil 508 empleos y signific\u00f3 una inversi\u00f3n p\u00fablica de 515 mil millones de pesos; beneficiar\u00e1 principalmente a la poblaci\u00f3n de Campeche, Chiapas, Tabasco, Yucat\u00e1n y Quintana Roo.<\/p>\n<p>El Instituto Nacional de Antropolog\u00eda e Historia (INAH) acompa\u00f1\u00f3 este proyecto con trabajos de conservaci\u00f3n en 30 zonas arqueol\u00f3gicas del sureste, mientras que la Secretar\u00eda de la Defensa Nacional construy\u00f3 seis Hoteles Tren Maya que tendr\u00e1n en conjunto capacidad de mil 136 habitaciones \u201cLes invito que cuando puedan visiten esta regi\u00f3n del pa\u00eds, es de las m\u00e1s bellas del mundo. No hay en el mundo una regi\u00f3n con tanta riqueza art\u00edstica y cultural como lo que fue la antigua naci\u00f3n maya. Se los recomiendo porque, adem\u00e1s de la cultura, del arte, es la naturaleza, son playas bell\u00edsimas y selva tropical, con animales, con fauna nativa de lo m\u00e1s variado que se conserva en nuestro pa\u00eds y en el mundo\u201d, dijo el mandatario.<\/p>\n<p>Explic\u00f3 que en las cinco entidades por donde cruza el Tren Maya, se construyeron obras complementarias y sembraron 223 mil 648 \u00e1rboles de las especies balch\u00e9, guayac\u00e1n y macul\u00ed, entre otros \u201cson rehabilitados 196 caminos afectados por el transporte de materiales para la construcci\u00f3n del Tren Maya, como el balasto proveniente de Los Tuxtlas hasta la pen\u00ednsula de Yucat\u00e1n\u201d declar\u00f3.<\/p>\n<p>En su \u00faltimo informe de gobierno reconoci\u00f3 la labor de trabajadoras y trabajadores de M\u00e9xico que hicieron posible esta obra \u201cEl legado de principios buenos que se transmitieron de generaci\u00f3n en generaci\u00f3n \u2014y que no han desaparecido a pesar de la opresi\u00f3n, del clasismo y el racismo\u2014 es lo que nos distingue y sit\u00faa como un pa\u00eds de virtudes y grandeza. De esa ra\u00edz y de ese tronco proviene tambi\u00e9n la singular y espl\u00e9ndida historia pol\u00edtica de M\u00e9xico\u201d, expres\u00f3.<\/p>\n<p>Finalmente, hizo un llamado a superar complejos o estereotipos infundados durante el periodo neoliberal.<\/p>\n<p style=\"text-align: center;\"><strong>Albergan primer tianguis campesino<\/strong><\/p>\n<p>Por otro lado, se dio a conocer que productores del Municipio de L\u00e1zaro C\u00e1rdenas hicieron presencia en el tianguis campesino del programa federal \u201cSembrando Vida\u201d, realizado por primera vez en la estaci\u00f3n del Tren Maya de Nuevo Xcan. Hasta donde llegaron compradores e interesados en este tipo de oferta.<\/p>\n<p>Decenas de campesinos tuvieron la oportunidad de exponer y comercializar sus productos, la ventaja, de este evento es que pudieron hacerlo sin la necesidad de intermediarios, es decir, que ofrecieron dulces, ropa, plantas, tamales, entre otros, de manera directa.<\/p>\n<p>El evento tuvo lugar en la estaci\u00f3n del Tren Maya que fue inaugurada el pasado 20 de agosto, donde llamaron la atenci\u00f3n de los pasajeros locales y for\u00e1neos, quienes no dudaron en adquirir alguno de sus productos.<\/p>\n<p>El evento fue encabezado por el capit\u00e1n Audomaro Vargas, responsable de la estaci\u00f3n; Carlos Valdez, t\u00e9cnico del programa \u201cSembrando Vida\u201d en este municipio; y Patricia Albornoz, delegada de Nuevo Xcan, entre otras autoridades.<\/p>\n<p>En la inauguraci\u00f3n del tianguis, destacaron que las autoridades buscar\u00e1n que este tianguis agr\u00edcola sea permanente para apoyar la econom\u00eda de los productores locales y combatir la falta de espacios para comercializar sus productos.<\/p>\n","protected":false},"excerpt":{"rendered":"<p>El presidente Andr\u00e9s Manuel L\u00f3pez Obrador asegur\u00f3 que, en la primera quincena de septiembre, antes de concluir su mandato, ser\u00e1 inaugurado el circuito de mil 554 kil\u00f3metros del Tren Maya.<\/p>\n","protected":false},"author":3,"featured_media":632551,"comment_status":"open","ping_status":"open","sticky":false,"template":"","format":"standard","meta":{"_monsterinsights_skip_tracking":false,"_monsterinsights_sitenote_active":false,"_monsterinsights_sitenote_note":"","_monsterinsights_sitenote_category":0,"footnotes":""},"categories":[17,3],"tags":[2545,100788,18573,76415],"class_list":["post-632481","post","type-post","status-publish","format-standard","has-post-thumbnail","hentry","category-especiales","category-nacional","tag-amlo","tag-circuito","tag-inaugura","tag-tren-maya"],"_links":{"self":[{"href":"https:\/\/www.diarioimagen.net\/index.php?rest_route=\/wp\/v2\/posts\/632481","targetHints":{"allow":["GET"]}}],"collection":[{"href":"https:\/\/www.diarioimagen.net\/index.php?rest_route=\/wp\/v2\/posts"}],"about":[{"href":"https:\/\/www.diarioimagen.net\/index.php?rest_route=\/wp\/v2\/types\/post"}],"author":[{"embeddable":true,"href":"https:\/\/www.diarioimagen.net\/index.php?rest_route=\/wp\/v2\/users\/3"}],"replies":[{"embeddable":true,"href":"https:\/\/www.diarioimagen.net\/index.php?rest_route=%2Fwp%2Fv2%2Fcomments&post=632481"}],"version-history":[{"count":0,"href":"https:\/\/www.diarioimagen.net\/index.php?rest_route=\/wp\/v2\/posts\/632481\/revisions"}],"wp:featuredmedia":[{"embeddable":true,"href":"https:\/\/www.diarioimagen.net\/index.php?rest_route=\/wp\/v2\/media\/632551"}],"wp:attachment":[{"href":"https:\/\/www.diarioimagen.net\/index.php?rest_route=%2Fwp%2Fv2%2Fmedia&parent=632481"}],"wp:term":[{"taxonomy":"category","embeddable":true,"href":"https:\/\/www.diarioimagen.net\/index.php?rest_route=%2Fwp%2Fv2%2Fcategories&post=632481"},{"taxonomy":"post_tag","embeddable":true,"href":"https:\/\/www.diarioimagen.net\/index.php?rest_route=%2Fwp%2Fv2%2Ftags&post=632481"}],"curies":[{"name":"wp","href":"https:\/\/api.w.org\/{rel}","templated":true}]}}