{"id":632495,"date":"2024-09-06T00:02:02","date_gmt":"2024-09-06T06:02:02","guid":{"rendered":"https:\/\/www.diarioimagen.net\/?p=632495"},"modified":"2024-09-09T00:28:44","modified_gmt":"2024-09-09T06:28:44","slug":"a-nosotros-ni-nos-van-a-doblar-ni-nos-van-a-echar-para-atras-alito","status":"publish","type":"post","link":"https:\/\/www.diarioimagen.net\/?p=632495","title":{"rendered":"A nosotros ni nos van a doblar ni nos\u00a0van a echar para\u00a0atr\u00e1s:\u00a0<em>Alito<\/em>"},"content":{"rendered":"<h2>La Retaguardia<\/h2>\n<h5>Adriana Moreno Cordero<\/h5>\n<p>&nbsp;<\/p>\n<ul>\n<li><strong><em>El PRI reitera voto contra la reforma judicial<\/em><\/strong><\/li>\n<\/ul>\n<p>&nbsp;<\/p>\n<p>La oposici\u00f3n en el Senado de la Rep\u00fablica est\u00e1 jugando un papel muy importante la v\u00edspera de que en dicha instancia legislativa se discuta la controvertida reforma al Poder Judicial. Baste con revisar que el PRI \u2014cuya cabeza es el senador <strong>Alejandro Moreno<\/strong>\u2014, que es el primer partido que se manifest\u00f3 en contra de la controvertida reforma que lastima a trabajadores, ministros, magistrados y jueces, ha venido reiterando su postura en contra de esta locura de un Presidente que, en el \u00faltimo tramo de su sexenio se ha mostrado tal cual es: delirante y soberbio.<\/p>\n<p>Sin duda, estos son los momentos m\u00e1s definitorios para la democracia y al llegar a la C\u00e1mara alta, <em>Alito<\/em>, encabezando la fracci\u00f3n parlamentaria del tricolor, hizo patente una vez m\u00e1s su apoyo tanto a los trabajadores del Poder Judicial como a los estudiantes que rodeaban la sede legislativa.<\/p>\n<p>\u201cA nosotros ni nos van a doblar ni nos van a echar para atr\u00e1s, nos sobra car\u00e1cter. Primero est\u00e1 M\u00e9xico\u201d, repiti\u00f3 Alejandro Moreno en diversos foros.<\/p>\n<p>En reiteradas ocasiones, el pol\u00edtico campechano ha declarado que, de acuerdo a los priistas, la reforma al Poder Judicial destruye y rompe el equilibrio de Poderes y ante esta coyuntura, el dirigente tricolor se reuni\u00f3 con las y los 14 senadores de manera presencial y se tom\u00f3 el acuerdo de ir con un voto unificado para votar en contra.<\/p>\n<p>Asimismo, el tema del ex gobernador de Coahuila, <strong>Miguel \u00c1ngel Riquelme<\/strong>, que estar\u00eda hospitalizado, ya se comunic\u00f3 con el propio <em>Alito<\/em> Moreno para refrendar su voto en contra de la tan llevada y tra\u00edda reforma y con la certeza de que estar\u00e1 presente el domingo en la CDMX, d\u00eda del debate.<\/p>\n<p>Moreno C\u00e1rdenas habl\u00f3 tambi\u00e9n de los \u201cca\u00f1onazos\u201d que anda ofreciendo el oficialismo, en un mensaje que puede interpretarse como que si no es por las buenas, entonces ser\u00e1 por las malas la aprobaci\u00f3n de dicha mal llamada reforma al Poder Judicial.<\/p>\n<p>Claro que el coordinador de la bancada morenista en la C\u00e1mara alta, <strong>Ad\u00e1n Augusto L\u00f3pez Hern\u00e1ndez,<\/strong> no pudo menos que contestar ante las preguntas que \u201cno es la primera vez que <em>Alito<\/em> dice mentiras\u201d y poni\u00e9ndose \u00e9l mismo, as\u00ed como muy c\u00e1ndido, el ex secretario de Gobernaci\u00f3n declar\u00f3 hasta de manera t\u00edmida que \u00e9l solo se ha limitado a platicar con legisladores del Revolucionario Institucional y \u201ctratar de convencerlos\u201d de supuestas y ausentes \u201cbondades\u201d de la reforma al Poder Judicial. \u00a1Ternurita!<\/p>\n<p>Y tambi\u00e9n como para \u201camarrarse el dedo\u201d y previendo que pudiera haber alg\u00fan contratiempo de \u00faltima hora incluso se cit\u00f3 a los suplentes que previamente rindieron protesta.<\/p>\n<p>No hay que soslayar, dada la importancia coyuntural del tema, que desde hace tiempo y conforme al estilo de Morena, hay que subrayar que legisladoras y legisladores del tricolor, han recibido amenazas y persecuci\u00f3n de parte del aparato del Estado.<\/p>\n<p>Esta, como se indica, es una mala costumbre del oficialismo para intimidar y amedrentar a quienes no est\u00e1 de acuerdo con ellos, especialmente, con el inquilino de Palacio Nacional.<\/p>\n<p>Cuesti\u00f3n de observar la manera en que reconocidos periodistas han sido objeto del \u201chackeo\u201d de sus cuentas y, antes, amenazas e insultos dirigidos por el propio tabasque\u00f1o. Los ataques tambi\u00e9n al Poder Judicial que no se ha sometido a las ocurrencias de L\u00f3pez Obrador.<\/p>\n<p>La persecuci\u00f3n pol\u00edtica en contra, incluso de familiares, de quienes resultan inc\u00f3modos para quien encabeza esta errada y llamada Cuarta Transformaci\u00f3n, ha sido el sello distintivo del oficialismo.<\/p>\n<p>Como referencia de lo anterior, est\u00e1 que M\u00e9xico se ha vuelto un pa\u00eds muy peligroso no s\u00f3lo para los periodistas; tambi\u00e9n para los l\u00edderes ambientalistas. En esta errada y llamada Cuarta Transformaci\u00f3n, han sido asesinados 102 ambientalistas, de acuerdo con el Centro Mexicano de Derecho Ambiental y ello se ha dado, curiosamente, cuando \u201celefantes blancos\u201d del obradorismo, como el Tren Maya, se encuentran con obst\u00e1culos que imponen quienes est\u00e1n a favor de la conservaci\u00f3n del medio ambiente y ese no es el PVEM.<\/p>\n<p>Habr\u00e1, sin duda, que estar muy atentos en la sesi\u00f3n del domingo.<\/p>\n<p><strong>Municiones<\/strong><\/p>\n<p>*** Y precisamente por la reforma al Poder Judicial que se empe\u00f1a en sacar adelante Morena y sus r\u00e9moras, congresistas de Estados Unidos le pidieron a <strong>Katherine<\/strong> <strong>Tai<\/strong>, titular de la Representaci\u00f3n Comercial de Estados Unidos <strong>(<\/strong>USTR<strong>), <\/strong>ahora s\u00ed que \u201cmeterle segunda ante las reformas que estar\u00edan por aprobarse en <strong>M\u00e9xico<\/strong>, esto, por el impacto que repercutir\u00e1 en el acceso de los inversionistas estadounidenses en nuestro pa\u00eds a pesar de que en el colmo de la irresponsabilidad, L\u00f3pez Obrador diga que no pasa nada.<\/p>\n<p><strong>***<\/strong> Y regresando de lo que sin duda fue una muy agradable y muy llena de amor \u201cluna de miel\u201d, la presidenta electa <strong>Claudia Sheinbaum<\/strong> se\u00f1al\u00f3 con respecto a este candente tema: \u201cNo hay posibilidad de echar para atr\u00e1s la reforma, esa fue la decisi\u00f3n del pueblo de M\u00e9xico, adem\u00e1s nadie tiene por qu\u00e9 preocuparse, el que los jueces, ministros y magistrados sean electos por el pueblo de M\u00e9xico es mejor para M\u00e9xico, eso significa m\u00e1s democracia, m\u00e1s independencia del Poder Judicial\u201d. \u00bfAcaso la sucesora de L\u00f3pez Obrador no est\u00e1 dimensionando el tiradero y caos que le va a heredar el tabasque\u00f1o?<\/p>\n<p><strong>***<\/strong> La ministra presidenta de la Suprema Corte de Justicia de la Naci\u00f3n, (SCJN), <strong>Norma Pi\u00f1a Hern\u00e1ndez<\/strong>, abri\u00f3 un proceso de consulta que consta de tres expedientes relacionados con la cuestionada reforma al Poder Judicial, dos de ellos para determinar si se debe suspender o no la aprobaci\u00f3n de esta reforma. Esto, como producto de una petici\u00f3n que promovi\u00f3 la Asociaci\u00f3n Nacional de Magistrados de Circuito y Jueces de Distrito del Poder Judicial de la Federaci\u00f3n (Jufed), respecto a la atracci\u00f3n de los amparos que se han presentado en juzgados de Morelos y Chiapas contra el proceso legislativo para aprobar la reforma judicial. Dos de los expedientes fueron turnados ni m\u00e1s ni menos que a la ministra<strong> Lenia Batres Guadarrama<\/strong>, porque le correspond\u00edan por turno y mientras tanto, la mal llamada \u201cministra del pueblo\u201d, particip\u00f3, junto con la ministra <strong>Loretta Ortiz,<\/strong> en un mitin a favor de la reforma al Poder Judicial. No dej\u00f3 de llamar la atenci\u00f3n que la ministra Ortiz Alph, quiso vender dicha reforma diciendo que es \u201cfundadora de Morena\u201d y reconoci\u00f3 que gracias a la protecci\u00f3n de L\u00f3pez Obrador lleg\u00f3 al m\u00e1ximo Tribunal. Total, que aquello se volvi\u00f3 un mitin pol\u00edtico, como \u00faltimamente lo han hecho los morenistas. Cuesti\u00f3n de recordar, primero, a la flamante secretaria de Gobernaci\u00f3n, <strong>Luisa Mar\u00eda Alcalde<\/strong>, al borde de las l\u00e1grimas y luego, al coordinador de la fracci\u00f3n parlamentaria del partido guinda, <strong>Ricardo Monreal<\/strong>, al borde de la ronquera, corear aquello de que es un honor estar con un presidente obcecado y delirante. Qu\u00e9 pena.<\/p>\n<p><u><a href=\"mailto:morcora@gmail.com\" target=\"_blank\" rel=\"noopener noreferrer\"><em>morcora@gmail.com<\/em><\/a><\/u><\/p>\n","protected":false},"excerpt":{"rendered":"<p><span style=\"color: #005497;\"><strong>Adriana Moreno Cordero<\/strong><\/span><\/p>\n","protected":false},"author":3,"featured_media":0,"comment_status":"open","ping_status":"open","sticky":false,"template":"","format":"standard","meta":{"_monsterinsights_skip_tracking":false,"_monsterinsights_sitenote_active":false,"_monsterinsights_sitenote_note":"","_monsterinsights_sitenote_category":0,"footnotes":""},"categories":[69370],"tags":[69369,69368,43674],"class_list":["post-632495","post","type-post","status-publish","format-standard","hentry","category-adriana-moreno-cordero","tag-adriana-moreno-cordero","tag-la-retaguardia","tag-opinion"],"_links":{"self":[{"href":"https:\/\/www.diarioimagen.net\/index.php?rest_route=\/wp\/v2\/posts\/632495","targetHints":{"allow":["GET"]}}],"collection":[{"href":"https:\/\/www.diarioimagen.net\/index.php?rest_route=\/wp\/v2\/posts"}],"about":[{"href":"https:\/\/www.diarioimagen.net\/index.php?rest_route=\/wp\/v2\/types\/post"}],"author":[{"embeddable":true,"href":"https:\/\/www.diarioimagen.net\/index.php?rest_route=\/wp\/v2\/users\/3"}],"replies":[{"embeddable":true,"href":"https:\/\/www.diarioimagen.net\/index.php?rest_route=%2Fwp%2Fv2%2Fcomments&post=632495"}],"version-history":[{"count":0,"href":"https:\/\/www.diarioimagen.net\/index.php?rest_route=\/wp\/v2\/posts\/632495\/revisions"}],"wp:attachment":[{"href":"https:\/\/www.diarioimagen.net\/index.php?rest_route=%2Fwp%2Fv2%2Fmedia&parent=632495"}],"wp:term":[{"taxonomy":"category","embeddable":true,"href":"https:\/\/www.diarioimagen.net\/index.php?rest_route=%2Fwp%2Fv2%2Fcategories&post=632495"},{"taxonomy":"post_tag","embeddable":true,"href":"https:\/\/www.diarioimagen.net\/index.php?rest_route=%2Fwp%2Fv2%2Ftags&post=632495"}],"curies":[{"name":"wp","href":"https:\/\/api.w.org\/{rel}","templated":true}]}}