{"id":632533,"date":"2024-09-06T00:07:56","date_gmt":"2024-09-06T06:07:56","guid":{"rendered":"https:\/\/www.diarioimagen.net\/?p=632533"},"modified":"2024-09-06T01:26:12","modified_gmt":"2024-09-06T07:26:12","slug":"en-duda-el-nombre-del-senador-que-vendera-el-voto-definitivo-para-reforma-judicial","status":"publish","type":"post","link":"https:\/\/www.diarioimagen.net\/?p=632533","title":{"rendered":"En duda, el nombre del senador que\u00a0vender\u00e1 el voto definitivo para\u00a0reforma judicial"},"content":{"rendered":"<h2>Clase Pol\u00edtica<\/h2>\n<h5>Miguel \u00c1ngel Rivera<\/h5>\n<p>&nbsp;<\/p>\n<p>Debido a bloqueos y manifestaciones de trabajadores del Poder Judicial y de otras organizaciones en desacuerdo con la reforma promovida por el presidente Andr\u00e9s Manuel L\u00f3pez Obrador, la discusi\u00f3n se traslad\u00f3 a la antigua sede del Senado, en el primer cuadro de la Ciudad de M\u00e9xico, conocida como la Casona de Xicot\u00e9ncatl, pero ni esa mudanza asegura que las modificaciones legales sean aprobadas sin ocasionar un grave conflicto.<\/p>\n<p>Adem\u00e1s de las conveniencia o no de sesionar en una sede alterna, otro aspecto central de este conflicto pol\u00edtico es la necesidad de la bancada oficial \u2014Morena y sus sat\u00e9lites del PT y PVEM\u2014 de lograr una mayor\u00eda calificada para asegurar el \u201cregalo\u201d que desean ofrecer a su l\u00edder y gu\u00eda, el Presidente que va de salida, pero que trata de ejercer el poder a su m\u00e1ximo hasta el \u00faltimo momento de su mandato, aunque muchos observadores sostienen que en realidad desea extender su poder de manera transexenal, conforme al ejemplo de lo realizado por el fundador del PNR-PRM-PRI, Plutarco El\u00edas Calles.<\/p>\n<p>En respuesta a las manifestaciones que se llevan a cabo a las afueras del Senado de la Rep\u00fablica, el presidente de la Mesa Directiva de la C\u00e1mara alta, el combativo Gerardo Fern\u00e1ndez Noro\u00f1a, que ha tenido que atemperar su actuaci\u00f3n debido a su condici\u00f3n, inform\u00f3 que se traslada la discusi\u00f3n a la Casona de Xicot\u00e9ncatl, en la calle de Donceles.<\/p>\n<p>Esto porque los accesos a la sede actual del Senado de la Rep\u00fablica, en el cruce de las avenidas Reforma e Insurgentes, se encuentran bloqueados por los trabajadores del Poder Judicial, Fern\u00e1ndez descart\u00f3 un \u201calbazo\u201d y asegur\u00f3 que todav\u00eda no se pretende dictaminar acerca de dicha iniciativa. Esto contradice otras versiones surgidas desde las filas del oficialismo, en el sentido de que la reforma al Poder Judicial quedar\u00eda decidida ayer mismo.<\/p>\n<p>De cualquier forma, los senadores fueron convocados para continuar con sus labores a partir de las 13 horas. Fern\u00e1ndez Noro\u00f1a sostuvo que los legisladores deben cumplir con sus responsabilidades.<\/p>\n<p>Mientras tanto, Patricia Aguayo, vocera de los trabajadores del \u00f3rgano judicial, trat\u00f3 negociar la apertura de puertas si la Junta de Coordinaci\u00f3n Pol\u00edtica recibe a algunos representantes del movimiento e hizo un llamado para que no sesionen en una sede alterna.<\/p>\n<p>En esta reuni\u00f3n queremos fijar nuestra posici\u00f3n en torno a lo que est\u00e1 aconteciendo con respecto a la reforma del Poder Judicial, dijo la vocera de los trabajadores del amenazado sector del gobierno federal.<\/p>\n<p>Pero m\u00e1s all\u00e1 de bloqueos y de manifestaciones, lo sobresaliente del enfrentamiento de los bloques de legisladores, los oficialistas y los de oposici\u00f3n, es el voto que le falta a los primeros para asegurar la reforma a la Constituci\u00f3n.<\/p>\n<p>A pesar de que en medios del Poder Legislativo se da por descontado que la llamada Cuarta Transformaci\u00f3n ya tiene los votos seguros de tres legisladores que abandonaron la oposici\u00f3n \u201cconvencidos\u201d por la 4T, todav\u00eda no se conoce el nombre del senador que se sumar\u00e1 a los dos ex perredistas que \u201csaltaron\u201d desde la semana anterior al paradis\u00edaco terreno ofrecido por los seguidores del inquilino de Palacio Nacional.<\/p>\n<p>Al respecto, es de tomar en cuenta que la coordinadora del PAN en el Senado, Guadalupe Murgu\u00eda, reiter\u00f3 que su bancada se encuentra unida para dar la batalla en contra de la reforma al Poder Judicial.<\/p>\n<p>En un mensaje a medios, la legisladora panista destac\u00f3 que la minuta aprobada por la C\u00e1mara de Diputados representa un asalto al poder y no va a resolver el problema de inseguridad e impunidad que vive el pa\u00eds.<\/p>\n<p>Agreg\u00f3 que todos los senadores de su bancada, titulares y suplentes, estar\u00e1n presentes para evitar cualquier eventualidad y que no falte nadie el d\u00eda de la votaci\u00f3n.<\/p>\n<p>\u201cEstamos preparados para en un momento dado hacer que la mayor\u00eda calificada son 86 en el voto, no queremos que nos pase lo que pas\u00f3 en el Tribunal Electoral en donde a trav\u00e9s de una sobrerrepresentaci\u00f3n ficticia se dieron un n\u00famero de esca\u00f1os mayores a los que les otorg\u00f3 la poblaci\u00f3n\u201d, manifest\u00f3 la coordinadora panista.<\/p>\n<p>A su vez, el presidente nacional del PAN, Marko Cort\u00e9s, denunci\u00f3 que los senadores de su partido han sido objeto de amenazas, aunque tambi\u00e9n han recibido ofertas, pero advirti\u00f3 que se mantendr\u00e1n firmes en su postura.<\/p>\n<p>Tambi\u00e9n, el ex candidato presidencial y ahora senador Ricardo Anaya, que ha mantenido continua cr\u00edtica contra la llamada Cuarta Transformaci\u00f3n y, en particular, contra el pol\u00edtico tabasque\u00f1o, inform\u00f3 que algunos integrantes de la bancada de su partido han sufrido presiones para la aprobaci\u00f3n de la iniciativa al Poder Judicial en el Senado de la Rep\u00fablica, pero se mantienen firmes para votar contra la reforma.<\/p>\n<p>A su vez, el presidente nacional del PAN, Marko Cort\u00e9s, denunci\u00f3 que los senadores de su partido han sido objeto de amenazas, aunque tambi\u00e9n han recibido ofertas, pero advirti\u00f3 que se mantendr\u00e1n firmes en su postura.<\/p>\n<p style=\"text-align: center;\"><strong>Un voto que vale mucho<\/strong><\/p>\n<p>Si los panistas denunciaron las presiones y las lisonjas del oficialismo para asegurarse el voto que les hace falta para las reformas constitucionales, todav\u00eda m\u00e1s expl\u00edcitos fueron los legisladores del PRI.<\/p>\n<p>El presidente del tricolor, Alejandro \u201cAlito\u201d Moreno C\u00e1rdenas inclusive convoc\u00f3 a conferencia de prensa, en la cual record\u00f3 que \u201ccomo es del conocimiento p\u00fablico, todas y todos los diputados del PRI votaron en contra del dictamen de la reforma al Poder Judicial en la sede que hicieron de la Magdalena Mixhuca.<\/p>\n<p>\u201cSegundo, tambi\u00e9n hay ya una suspensi\u00f3n definitiva de un juez federal, misma que, creemos, evita poder discutir la minuta de la C\u00e1mara de Diputados, en tanto la suspensi\u00f3n sigue firme.<\/p>\n<p>\u201cTercero, informar de las presiones que nuestro Grupo Parlamentario ha sufrido, senadoras y senadores, presiones brutales, amenazas por parte del oficialismo, jam\u00e1s vistas en el Congreso y en nuestro pa\u00eds\u201d.<\/p>\n<p>Moreno confirm\u00f3 algo de lo que se habla mucho, pero de lo cual no existen muchas evidencias: la compra de votos.<\/p>\n<p>Asegur\u00f3 que los integrantes de su bancada han recibido \u201cofertas de decenas de millones de pesos para migrar a la bancada morenista o ausentarse de la votaci\u00f3n\u201d y que tambi\u00e9n han sido objeto de \u201camenazas de uso faccioso de las Fiscal\u00edas, en contra de las y los legisladores y de sus familias. Y hasta presiones del Instituto Nacional Electoral.<\/p>\n<p>\u201cEsto es inaceptable\u201d, remat\u00f3 \u201cAlito\u201d, quien reafirm\u00f3 enseguida que \u201clas y los priistas estamos firmes, con car\u00e1cter y con firme convicci\u00f3n, en la defensa de la democracia y las instituciones de nuestro pa\u00eds.<\/p>\n<p>\u201cY quiero decirles que a pesar de todo ello, hoy queremos anunciar que el priismo en el Senado de la Rep\u00fablica, las senadoras y los senadores, hemos acordado con el Comit\u00e9 Ejecutivo Nacional el voto unificado.<\/p>\n<p>\u201cEsto significa que en el bloque de las 15 senadoras y senadores del Partido Revolucionario Institucional votaremos en contra de la minuta de la propuesta de la reforma al Poder Judicial.<\/p>\n<p>\u201cAqu\u00ed estamos presentes 14 senadoras y senadores de la Rep\u00fablica dando la cara a los jueces, a las juezas, a las magistradas, a los magistrados, a las y los trabajadores del Poder Judicial, y el respaldo a todo el Sistema Judicial; para decirles a los j\u00f3venes, a los estudiantes, a todos ellos, que pueden confiar en nosotros, que vamos a resistir todas y cada una de las presiones, por m\u00e1s abusivas que sean, y vamos a asumir el costo que sea.<\/p>\n<p>\u201cA nosotros nadie nos dobla y nadie nos echa para atr\u00e1s\u201d, reafirm\u00f3 el dirigente nacional del tricolor.<\/p>\n<p>En particular, mencion\u00f3 el caso del ex gobernador de Coahuila, en este caso el quinceavo senador, Miguel \u00c1ngel Riquelme Sol\u00eds, a quien se le ha acusado de fingir problemas de salud para no asistir a las sesiones, con lo cual cambian los equilibrios en el Senado.<\/p>\n<p>Al respecto, Moreno C\u00e1rdenas dijo que ha hablado con su compa\u00f1ero de partido \u2014quien adem\u00e1s ha dado entrevistas\u2014 y le ha dicho que est\u00e1 en franco proceso de recuperaci\u00f3n y que, de ser dado de alta, \u201caqu\u00ed estar\u00e1 con nosotros el d\u00eda lunes y que votar\u00e1 en contra de la reforma al Poder Judicial\u201d.<\/p>\n<p>Tambi\u00e9n adelant\u00f3 que, en caso de que Riquelme no est\u00e9 en condiciones de asistir a la sesi\u00f3n, se han tomado las previsiones necesarias para convocar a su suplente, para que los senadores del Revolucionario Institucional \u201cvotemos en bloque en contra de la reforma al Poder Judicial\u201d.<\/p>\n<p>A pesar de diferencias anteriores, MC tambi\u00e9n anunci\u00f3 que se mantendr\u00e1 en contra.<\/p>\n<p><em><a href=\"mailto:riparcangel@hotmail.com\" target=\"_blank\" rel=\"noopener noreferrer\">riparcangel@hotmail.com<\/a><\/em><\/p>\n","protected":false},"excerpt":{"rendered":"<p><span style=\"color: #005497;\"><strong>Miguel \u00c1ngel Rivera<\/strong><\/span><\/p>\n","protected":false},"author":3,"featured_media":0,"comment_status":"open","ping_status":"open","sticky":false,"template":"","format":"standard","meta":{"_monsterinsights_skip_tracking":false,"_monsterinsights_sitenote_active":false,"_monsterinsights_sitenote_note":"","_monsterinsights_sitenote_category":0,"footnotes":""},"categories":[84119],"tags":[84120,84121,43674],"class_list":["post-632533","post","type-post","status-publish","format-standard","hentry","category-miguel-angel-rivera","tag-clase-politica","tag-miguel-angel-rivera","tag-opinion"],"_links":{"self":[{"href":"https:\/\/www.diarioimagen.net\/index.php?rest_route=\/wp\/v2\/posts\/632533","targetHints":{"allow":["GET"]}}],"collection":[{"href":"https:\/\/www.diarioimagen.net\/index.php?rest_route=\/wp\/v2\/posts"}],"about":[{"href":"https:\/\/www.diarioimagen.net\/index.php?rest_route=\/wp\/v2\/types\/post"}],"author":[{"embeddable":true,"href":"https:\/\/www.diarioimagen.net\/index.php?rest_route=\/wp\/v2\/users\/3"}],"replies":[{"embeddable":true,"href":"https:\/\/www.diarioimagen.net\/index.php?rest_route=%2Fwp%2Fv2%2Fcomments&post=632533"}],"version-history":[{"count":0,"href":"https:\/\/www.diarioimagen.net\/index.php?rest_route=\/wp\/v2\/posts\/632533\/revisions"}],"wp:attachment":[{"href":"https:\/\/www.diarioimagen.net\/index.php?rest_route=%2Fwp%2Fv2%2Fmedia&parent=632533"}],"wp:term":[{"taxonomy":"category","embeddable":true,"href":"https:\/\/www.diarioimagen.net\/index.php?rest_route=%2Fwp%2Fv2%2Fcategories&post=632533"},{"taxonomy":"post_tag","embeddable":true,"href":"https:\/\/www.diarioimagen.net\/index.php?rest_route=%2Fwp%2Fv2%2Ftags&post=632533"}],"curies":[{"name":"wp","href":"https:\/\/api.w.org\/{rel}","templated":true}]}}