{"id":632611,"date":"2024-09-09T00:01:24","date_gmt":"2024-09-09T06:01:24","guid":{"rendered":"https:\/\/www.diarioimagen.net\/?p=632611"},"modified":"2024-09-09T21:57:21","modified_gmt":"2024-09-10T03:57:21","slug":"en-agosto-cayo-48-el-registro-de-empleo-formal-ante-el-imss","status":"publish","type":"post","link":"https:\/\/www.diarioimagen.net\/?p=632611","title":{"rendered":"En agosto cay\u00f3 48% el\u00a0registro de empleo formal\u00a0ante el IMSS"},"content":{"rendered":"<p>&nbsp;<\/p>\n<h2 style=\"text-align: center;\">Llega la desaceleraci\u00f3n<\/h2>\n<p>&nbsp;<\/p>\n<ul>\n<li><strong><em>S\u00f3lo se crearon 58,047 puestos, a comparaci\u00f3n de los 111,736 reportados en agosto de 2023<\/em><\/strong><\/li>\n<\/ul>\n<p>&nbsp;<\/p>\n<div id=\"attachment_632651\" style=\"width: 470px\" class=\"wp-caption aligncenter\"><a href=\"https:\/\/www.diarioimagen.net\/?attachment_id=632651\" rel=\"attachment wp-att-632651\"><img loading=\"lazy\" decoding=\"async\" aria-describedby=\"caption-attachment-632651\" class=\"size-full wp-image-632651\" src=\"https:\/\/www.diarioimagen.net\/wp-content\/uploads\/2024\/09\/en-agosto-cayo-empleo.jpg\" alt=\"\" width=\"460\" height=\"270\" srcset=\"https:\/\/www.diarioimagen.net\/wp-content\/uploads\/2024\/09\/en-agosto-cayo-empleo.jpg 460w, https:\/\/www.diarioimagen.net\/wp-content\/uploads\/2024\/09\/en-agosto-cayo-empleo-240x141.jpg 240w\" sizes=\"auto, (max-width: 460px) 100vw, 460px\" \/><\/a><p id=\"caption-attachment-632651\" class=\"wp-caption-text\">En agosto s\u00f3lo se sumaron 58,047 puestos de trabajo, lo que representa 48% menos a los generados en el mismo periodo de 2023, y es el m\u00e1s bajo en una d\u00e9cada, sin considerar la pandemia por Covid-19.<\/p><\/div>\n<p>&nbsp;<\/p>\n<p>Durante agosto se crearon s\u00f3lo 58 mil 047 empleos, de los cuales 51 mil 058 fueron permanentes y 6 mil 989 temporales; sin embargo, represent\u00f3 una ca\u00edda de 48 por ciento respecto del mismo mes de 2023, cuando se crearon 111 mil 736 puestos, report\u00f3 el Instituto Mexicano del Seguro Social (IMSS).<\/p>\n<p>Al comparar las cifras de 2024 con las de 2022 -a\u00f1o hist\u00f3rico para un mes de agosto- hubo diferencial porcentual mayor de 63.12 por ciento, pues en agosto de 2022, hubo 157 mil 432 empleos nuevos, 107 mil 963 permanentes y 49 mil 469 temporales, est\u00e1 cifra fue la mayor de todos los agostos del sexenio.<\/p>\n<p>El IMSS se\u00f1al\u00f3 que hasta el 31 de agosto tuvo registro de 22 millones 389 mil 835 puestos de trabajo formales, 86.6 por ciento permanentes y 13.4 eventuales. No obstante, en el acumulado de enero a agosto de 2024 se crearon 372 mil 898 puestos de trabajos, pero se perdieron 7 mil 449 de empleos eventuales, y adem\u00e1s se crearon 41.43 por ciento menos empleos que en los primeros ocho meses de 2023, cuando hasta ese mes se registr\u00f3 una creaci\u00f3n de puestos de trabajo de 623 mil 979.<\/p>\n<p>El acumulado de 2024 es el registro que tuvo menor crecimiento en los \u00faltimos agostos del sexenio, a excepci\u00f3n de 2020 cuando afect\u00f3 la pandemia por la Covid-19 y se mostraron cifras negativas de 833 mil empleos.<\/p>\n<p>De acuerdo con el IMSS, las entidades que registraron un mayor avance anual respecto a nuevos puestos de trabajo fueron: Chiapas, 6.2 por ciento; Hidalgo, 5.6 por ciento; Estado de M\u00e9xico, 5.0 por ciento, y Oaxaca con 4.3 por ciento; sin embargo, hubo estados que sufrieron de una contracci\u00f3n, por ejemplo, Sinaloa con 0.2 por ciento; Sonora, 0.3; Baja California Sur, 0.4 por ciento; Zacatecas, 1.2 por ciento y Tabasco fue la entidad que tuvo una ca\u00edda m\u00e1s severa con 11.3 por ciento.<\/p>\n<p>\u201cLos sectores econ\u00f3micos con el mayor crecimiento porcentual anual en puestos de trabajo son el de transportes y comunicaciones con 5.2 por ciento, comercio con 3.2 por ciento y servicios sociales y comunales con 2.6 por ciento\u201d, pero el sector agropecuario tuvo una contracci\u00f3n de 3.3 por ciento, indic\u00f3.<\/p>\n<p>En tanto que, \u201cal cierre de agosto 2024, el salario base de cotizaci\u00f3n promedio de los puestos de trabajo afiliados al IMSS alcanz\u00f3 un monto de $587.5\u201d, lo que de acuerdo con el instituto de seguridad social represent\u00f3 un incremento anual de 9.7 por ciento.<\/p>\n<p style=\"text-align: center;\"><strong>Lleg\u00f3 la desaceleraci\u00f3n<\/strong><\/p>\n<p>\u00a0Para Rodolfo Ostolaza, subdirector de Estudios Econ\u00f3micos de Citibanamex, el dato de agosto confirma que \u201cla desaceleraci\u00f3n ya lleg\u00f3\u201d, destac\u00f3 que ya desde el a\u00f1o pasado empezaban a mostrarse signos de una menor contrataci\u00f3n de personal.<\/p>\n<p>\u201cEn agosto hubo 22.4 millones de puestos de trabajo es un crecimiento anual de 1.8%, esto sugiere que hay una desaceleraci\u00f3n del empleo formal en M\u00e9xico, la verdad es que este a\u00f1o todo el crecimiento del empleo ha estado por debajo de 3%, cuando el a\u00f1o pasado creci\u00f3 en promedio 3.5%; el empleo sigue en el mismo nivel de junio\u201d, indic\u00f3.<\/p>\n<p>Tras destacar que mercado de trabajo hab\u00eda crecido sin interrupciones desde la mitad de 2020, con datos desestacionalizados, a\u00f1adi\u00f3 que los salarios base de cotizaci\u00f3n que reporta el IMSS se ubica en 587.5 pesos, que representa un crecimiento anual de 4.4%, lo cual tambi\u00e9n ha influido en los costos laborales de los empleadores.<\/p>\n<p>\u201cUtilizando cifras desestacionalizadas, entonces, la creaci\u00f3n de empleo entre julio y agosto fue de 9,000 empleos es muy peque\u00f1a y es algo que debemos tener en cuenta, el empleo formal s\u00ed se est\u00e1 desacelerando\u201d, se\u00f1al\u00f3.<\/p>\n<p style=\"text-align: center;\"><strong>Ven mayor cautela<\/strong><\/p>\n<p>Para ManpowerGroup, si bien el mercado laboral reporta cifras positivas, tambi\u00e9n es cierto que \u201chay un ambiente de precauci\u00f3n en los mercados, que se refleja en sus intenciones de contrataci\u00f3n de personal. Para generar empleos necesitamos de inversi\u00f3n, y para atraer inversi\u00f3n requiere dar se\u00f1ales de certeza jur\u00eddica y estabilidad para generar confianza\u201d, destac\u00f3 M\u00f3nica Flores, presidente de ManpowerGroup LATAM.<\/p>\n<p>Jorge Sales Boyoli, especialista laboral, dijo que en empleos formales generados por la presente administraci\u00f3n \u00e9sta sale perdiendo, \u201cel promedio de todo el sexenio fue de 416,000 empleos, cuando M\u00e9xico tiene que generar 1 mill\u00f3n 200,000 puestos de trabajo anuales; y no s\u00f3lo eso, a\u00fan no tenemos evidencia de que se hayan recuperado los 600,000 que se perdieron en 2020\u201d.<\/p>\n<p>Cabe se\u00f1alar que el Banco de M\u00e9xico ha realizado un ajuste sobre su pron\u00f3stico de empleo, el cual estar\u00eda entre 410,000 a 550,000 puestos de trabajo para todo 2024.<\/p>\n","protected":false},"excerpt":{"rendered":"<p>Durante agosto se crearon s\u00f3lo 58 mil 047 empleos, de los cuales 51 mil 058 fueron permanentes y 6 mil 989 temporales; sin embargo, represent\u00f3 una ca\u00edda de 48 por ciento respecto del mismo mes de 2023, cuando se crearon 111 mil 736 puestos, report\u00f3 el Instituto Mexicano del Seguro Social (IMSS).<\/p>\n","protected":false},"author":3,"featured_media":632651,"comment_status":"open","ping_status":"open","sticky":false,"template":"","format":"standard","meta":{"_monsterinsights_skip_tracking":false,"_monsterinsights_sitenote_active":false,"_monsterinsights_sitenote_note":"","_monsterinsights_sitenote_category":0,"footnotes":""},"categories":[17,8],"tags":[45870,481,43678,257],"class_list":["post-632611","post","type-post","status-publish","format-standard","has-post-thumbnail","hentry","category-especiales","category-finanzas","tag-a-la-baja","tag-empleo","tag-finanzas","tag-imss"],"_links":{"self":[{"href":"https:\/\/www.diarioimagen.net\/index.php?rest_route=\/wp\/v2\/posts\/632611","targetHints":{"allow":["GET"]}}],"collection":[{"href":"https:\/\/www.diarioimagen.net\/index.php?rest_route=\/wp\/v2\/posts"}],"about":[{"href":"https:\/\/www.diarioimagen.net\/index.php?rest_route=\/wp\/v2\/types\/post"}],"author":[{"embeddable":true,"href":"https:\/\/www.diarioimagen.net\/index.php?rest_route=\/wp\/v2\/users\/3"}],"replies":[{"embeddable":true,"href":"https:\/\/www.diarioimagen.net\/index.php?rest_route=%2Fwp%2Fv2%2Fcomments&post=632611"}],"version-history":[{"count":0,"href":"https:\/\/www.diarioimagen.net\/index.php?rest_route=\/wp\/v2\/posts\/632611\/revisions"}],"wp:featuredmedia":[{"embeddable":true,"href":"https:\/\/www.diarioimagen.net\/index.php?rest_route=\/wp\/v2\/media\/632651"}],"wp:attachment":[{"href":"https:\/\/www.diarioimagen.net\/index.php?rest_route=%2Fwp%2Fv2%2Fmedia&parent=632611"}],"wp:term":[{"taxonomy":"category","embeddable":true,"href":"https:\/\/www.diarioimagen.net\/index.php?rest_route=%2Fwp%2Fv2%2Fcategories&post=632611"},{"taxonomy":"post_tag","embeddable":true,"href":"https:\/\/www.diarioimagen.net\/index.php?rest_route=%2Fwp%2Fv2%2Ftags&post=632611"}],"curies":[{"name":"wp","href":"https:\/\/api.w.org\/{rel}","templated":true}]}}