{"id":632615,"date":"2024-09-09T00:07:52","date_gmt":"2024-09-09T06:07:52","guid":{"rendered":"https:\/\/www.diarioimagen.net\/?p=632615"},"modified":"2024-09-10T00:49:50","modified_gmt":"2024-09-10T06:49:50","slug":"uniradio-99-7-represento-a-la-uaemex-en-el-noveno-encuentro-de-la-red-de-radios-universitarias-de-mexico","status":"publish","type":"post","link":"https:\/\/www.diarioimagen.net\/?p=632615","title":{"rendered":"UniRadio 99.7 represent\u00f3 a la UAEM\u00e9x en\u00a0el\u00a0noveno Encuentro de la Red de Radios Universitarias de M\u00e9xico"},"content":{"rendered":"<p>&nbsp;<\/p>\n<div id=\"attachment_632645\" style=\"width: 470px\" class=\"wp-caption aligncenter\"><a href=\"https:\/\/www.diarioimagen.net\/?attachment_id=632645\" rel=\"attachment wp-att-632645\"><img loading=\"lazy\" decoding=\"async\" aria-describedby=\"caption-attachment-632645\" class=\"size-full wp-image-632645\" src=\"https:\/\/www.diarioimagen.net\/wp-content\/uploads\/2024\/09\/uaem-uniradio.jpg\" alt=\"\" width=\"460\" height=\"270\" srcset=\"https:\/\/www.diarioimagen.net\/wp-content\/uploads\/2024\/09\/uaem-uniradio.jpg 460w, https:\/\/www.diarioimagen.net\/wp-content\/uploads\/2024\/09\/uaem-uniradio-240x141.jpg 240w\" sizes=\"auto, (max-width: 460px) 100vw, 460px\" \/><\/a><p id=\"caption-attachment-632645\" class=\"wp-caption-text\">En el encuentro estuvieron presentes m\u00e1s de 40 radios universitarias del pa\u00eds y con la participaci\u00f3n de especialistas de Argentina, Ecuador, Estados Unidos, Colombia, Francia, Espa\u00f1a y Honduras.<\/p><\/div>\n<p>&nbsp;<\/p>\n<p><strong>Ciudad de M\u00e9xico.\u2014<\/strong> UniRadio 99.7 FM, emisora radiof\u00f3nica de la Universidad Aut\u00f3noma del Estado de M\u00e9xico (UAEM\u00e9x), particip\u00f3 en el noveno Encuentro de la Red de Radios Universitarias de M\u00e9xico (RRUM), realizado en la Universidad Aut\u00f3noma Metropolitana (UAM).<\/p>\n<p>Como parte de las actividades del Noveno Encuentro de la RRUM, se llevaron a cabo conferencias magistrales, mesas de di\u00e1logo y presentaciones de libros dedicadas a la construcci\u00f3n de radios educativas, democr\u00e1ticas y alternativas.<\/p>\n<p>La directora de UniRadio 99.7 FM, Jacqueline Valderrabano Malag\u00f3n, moder\u00f3 la mesa de di\u00e1logo \u201cPeriodismo de ciencia en la radio\u201d, donde inform\u00f3 sobre el proyecto de \u201cMujeres en la ciencia\u201d, que realiza la Direcci\u00f3n General de Comunicaci\u00f3n Universitaria de la UAEM\u00e9x, que busca visibilizar el trabajo que realizan las investigadoras de la Aut\u00f3noma mexiquense, y que recientemente fue reconocido por el No\u00ad ti\u00ad cie\u00ad ro Cien\u00ad t\u00ed\u00ad fi\u00ad co y Cul\u00ad tu\u00ad ral Ibe\u00ad roa\u00ad me\u00ad ri\u00ad cano (NCC), por impulsar una agenda period\u00edstica de la ciencia que sea una herramienta para la divulgaci\u00f3n de la misma.<\/p>\n<p>En la mesa de di\u00e1logo participaron Nelly Toche Salgueiro, presidenta de la Red Mexicana de Periodistas de Ciencia (RedMPC); Manuel Su\u00e1rez Lastra, director general de Divulgaci\u00f3n de la Ciencia de la Universidad Nacional Aut\u00f3noma de M\u00e9xico (UNAM); Enrique Anzures Becerril, director de Radio IPN, y Guillermo Bautista, productor de UAM Radio. Adem\u00e1s, destaca la participaci\u00f3n internacional en este encuentro con representantes de radios de Argentina, Colombia, Francia, Ecuador, Estados Unidos, Colombia y Espa\u00f1a.<\/p>\n<p>\u201cUna fortaleza de UniRadio es el periodismo de ciencia y la producci\u00f3n de contenidos radiof\u00f3nicos dedicados a la divulgaci\u00f3n de la ciencia que fomenten el pensamiento cr\u00edtico, estimulen la curiosidad cient\u00edfica en las audiencias y ayuden a desmitificar la ciencia para hacerla m\u00e1s accesible y comprensible para el p\u00fablico en general\u201d, enfatiz\u00f3 Valderrabano Malag\u00f3n.<\/p>\n<p>Junto con m\u00e1s de 30 emisoras, UniRadio particip\u00f3 y transmiti\u00f3 la cadena radiof\u00f3nica como homenaje sonoro para conmemorar los 100 a\u00f1os de Radio Educaci\u00f3n, donde se escucharon sus or\u00edgenes, los programas m\u00e1s emblem\u00e1ticos y sobre todo fungi\u00f3 como reconocimiento al personal de la radio centenaria y cultural en M\u00e9xico.<\/p>\n<p>Sumado a esta participaci\u00f3n, en la asamblea de la RRUM, se eligi\u00f3 la nueva mesa directiva, en la que la directora de UniRadio 99.7 FM, Jacqueline Valderrabano Malag\u00f3n se desempe\u00f1ar\u00e1 como secretaria de la Red de Radios Universitarias de M\u00e9xico.<\/p>\n","protected":false},"excerpt":{"rendered":"<p>UniRadio 99.7 FM, emisora radiof\u00f3nica de la Universidad Aut\u00f3noma del Estado de M\u00e9xico (UAEM\u00e9x), particip\u00f3 en el noveno Encuentro de la Red de Radios Universitarias de M\u00e9xico (RRUM), realizado en la Universidad Aut\u00f3noma Metropolitana (UAM).<\/p>\n","protected":false},"author":3,"featured_media":632645,"comment_status":"open","ping_status":"open","sticky":false,"template":"","format":"standard","meta":{"_monsterinsights_skip_tracking":false,"_monsterinsights_sitenote_active":false,"_monsterinsights_sitenote_note":"","_monsterinsights_sitenote_category":0,"footnotes":""},"categories":[5],"tags":[67878,97383],"class_list":["post-632615","post","type-post","status-publish","format-standard","has-post-thumbnail","hentry","category-estado-de-mexico","tag-uaemex","tag-uniradio-99-7-fm"],"_links":{"self":[{"href":"https:\/\/www.diarioimagen.net\/index.php?rest_route=\/wp\/v2\/posts\/632615","targetHints":{"allow":["GET"]}}],"collection":[{"href":"https:\/\/www.diarioimagen.net\/index.php?rest_route=\/wp\/v2\/posts"}],"about":[{"href":"https:\/\/www.diarioimagen.net\/index.php?rest_route=\/wp\/v2\/types\/post"}],"author":[{"embeddable":true,"href":"https:\/\/www.diarioimagen.net\/index.php?rest_route=\/wp\/v2\/users\/3"}],"replies":[{"embeddable":true,"href":"https:\/\/www.diarioimagen.net\/index.php?rest_route=%2Fwp%2Fv2%2Fcomments&post=632615"}],"version-history":[{"count":0,"href":"https:\/\/www.diarioimagen.net\/index.php?rest_route=\/wp\/v2\/posts\/632615\/revisions"}],"wp:featuredmedia":[{"embeddable":true,"href":"https:\/\/www.diarioimagen.net\/index.php?rest_route=\/wp\/v2\/media\/632645"}],"wp:attachment":[{"href":"https:\/\/www.diarioimagen.net\/index.php?rest_route=%2Fwp%2Fv2%2Fmedia&parent=632615"}],"wp:term":[{"taxonomy":"category","embeddable":true,"href":"https:\/\/www.diarioimagen.net\/index.php?rest_route=%2Fwp%2Fv2%2Fcategories&post=632615"},{"taxonomy":"post_tag","embeddable":true,"href":"https:\/\/www.diarioimagen.net\/index.php?rest_route=%2Fwp%2Fv2%2Ftags&post=632615"}],"curies":[{"name":"wp","href":"https:\/\/api.w.org\/{rel}","templated":true}]}}