{"id":632617,"date":"2024-09-09T00:08:47","date_gmt":"2024-09-09T06:08:47","guid":{"rendered":"https:\/\/www.diarioimagen.net\/?p=632617"},"modified":"2024-09-09T21:56:06","modified_gmt":"2024-09-10T03:56:06","slug":"inauguran-exposicion-de-potros-salvajes-nuestra-pasion","status":"publish","type":"post","link":"https:\/\/www.diarioimagen.net\/?p=632617","title":{"rendered":"Inauguran exposici\u00f3n de \u201cPotros Salvajes: Nuestra\u00a0Pasi\u00f3n\u201d"},"content":{"rendered":"<p><strong>\u00a0<\/strong><\/p>\n<ul>\n<li><em><strong>En el Museo \u201cJos\u00e9 Mar\u00eda Morelos y Pav\u00f3n\u201d de la UAEM\u00e9x<\/strong><\/em><\/li>\n<\/ul>\n<p><strong>\u00a0<\/strong><\/p>\n<div id=\"attachment_632647\" style=\"width: 470px\" class=\"wp-caption aligncenter\"><a href=\"https:\/\/www.diarioimagen.net\/?attachment_id=632647\" rel=\"attachment wp-att-632647\"><img loading=\"lazy\" decoding=\"async\" aria-describedby=\"caption-attachment-632647\" class=\"size-full wp-image-632647\" src=\"https:\/\/www.diarioimagen.net\/wp-content\/uploads\/2024\/09\/uaem-inauguran-exposicion.jpg\" alt=\"\" width=\"460\" height=\"270\" srcset=\"https:\/\/www.diarioimagen.net\/wp-content\/uploads\/2024\/09\/uaem-inauguran-exposicion.jpg 460w, https:\/\/www.diarioimagen.net\/wp-content\/uploads\/2024\/09\/uaem-inauguran-exposicion-240x141.jpg 240w\" sizes=\"auto, (max-width: 460px) 100vw, 460px\" \/><\/a><p id=\"caption-attachment-632647\" class=\"wp-caption-text\">Un total de 24 art\u00edculos se encuentran exhibidos, entre ellos, chamarras, cascos, jerseys, un trofeo, fotograf\u00edas y videos.<\/p><\/div>\n<p>&nbsp;<\/p>\n<p><strong>Toluca, Estado de M\u00e9xico.<\/strong>\u2014 Fue inaugurada en el Museo Universitario \u201cJos\u00e9 Mar\u00eda Morelos y Pav\u00f3n\u201d, ubicado en el Edificio de Rector\u00eda de la Universidad Aut\u00f3noma del Estado de M\u00e9xico (UAEM\u00e9x), la exposici\u00f3n \u201cPotros Salvajes: Nuestra Pasi\u00f3n\u201d, compuesta por cascos, jerseys, chamarras, videos y fotograf\u00edas, que forman parte de la historia del equipo de f\u00fatbol americano.<\/p>\n<p>En el acto, encabezado por el secretario de Rector\u00eda, Marco Aurelio Cienfuegos Terr\u00f3n, quien estuvo acompa\u00f1ado por la secretaria de Difusi\u00f3n Cultural, Mar\u00eda de las Mercedes Portilla Luja, la directora del Museo, Mar\u00eda del Carmen Garc\u00eda Maza refiri\u00f3 que el objetivo de esta exhibici\u00f3n es rescatar la historia deportiva de la instituci\u00f3n.\u00a0 \u201cHay una gran historia y es muy emotiva, con grandes recuerdos; adem\u00e1s tenemos la fortuna de que muchos jugadores se encuentran con vida y que iniciaron la historia de los Potros Salvajes\u201d, apunt\u00f3.<\/p>\n<p>Se aprovech\u00f3 la colaboraci\u00f3n del ex jugador V\u00edctor Macedo Jaimes quien destac\u00f3 que se busca mostrar el origen del equipo. \u201cEstoy muy contento y agradecido con el apoyo que tuve por parte de la Universidad para poder hacer esta exposici\u00f3n y adem\u00e1s, todo esto surge como un merecido homenaje a m\u00ed ya fallecido hermano Tomas Augusto Macedo Jaimes\u201d.<\/p>\n<p>La exposici\u00f3n cuenta con 24 art\u00edculos, entre ellos, chamarras, cascos, jerseys, un trofeo, fotograf\u00edas y videos. Se encuentra instalada en el Museo Universitario \u201cJos\u00e9 Mar\u00eda Morelos y Pav\u00f3n\u201d, en el Edificio Hist\u00f3rico de Rector\u00eda de la UAEM\u00e9x.<\/p>\n<p>Al acto acudieron, Guillermina Mart\u00ednez Rocha, encargada del despacho de la Direcci\u00f3n de Museos Universitarios; Mar\u00eda del Carmen Garc\u00eda Maza, directora del Museo Universitario \u201cJos\u00e9 Mar\u00eda Morelos y Pav\u00f3n\u201d; V\u00edctor Manuel Macedo Jaimes, quien fue jugador, entrenador y presidente del Patronato de Potros Salvajes, y Luis Antonio Zimbr\u00f3n Romero, director de Cultura F\u00edsica y Deporte de la Aut\u00f3noma Mexiquense, as\u00ed como jugadores, entrenadores e invitados especiales.<\/p>\n","protected":false},"excerpt":{"rendered":"<p>Fue inaugurada en el Museo Universitario \u201cJos\u00e9 Mar\u00eda Morelos y Pav\u00f3n\u201d, ubicado en el Edificio de Rector\u00eda de la Universidad Aut\u00f3noma del Estado de M\u00e9xico (UAEM\u00e9x), la exposici\u00f3n \u201cPotros Salvajes: Nuestra Pasi\u00f3n\u201d, compuesta por cascos, jerseys, chamarras, videos y fotograf\u00edas, que forman parte de la historia del equipo de f\u00fatbol americano.<\/p>\n","protected":false},"author":3,"featured_media":632647,"comment_status":"open","ping_status":"open","sticky":false,"template":"","format":"standard","meta":{"_monsterinsights_skip_tracking":false,"_monsterinsights_sitenote_active":false,"_monsterinsights_sitenote_note":"","_monsterinsights_sitenote_category":0,"footnotes":""},"categories":[5],"tags":[1837,67878],"class_list":["post-632617","post","type-post","status-publish","format-standard","has-post-thumbnail","hentry","category-estado-de-mexico","tag-potros","tag-uaemex"],"_links":{"self":[{"href":"https:\/\/www.diarioimagen.net\/index.php?rest_route=\/wp\/v2\/posts\/632617","targetHints":{"allow":["GET"]}}],"collection":[{"href":"https:\/\/www.diarioimagen.net\/index.php?rest_route=\/wp\/v2\/posts"}],"about":[{"href":"https:\/\/www.diarioimagen.net\/index.php?rest_route=\/wp\/v2\/types\/post"}],"author":[{"embeddable":true,"href":"https:\/\/www.diarioimagen.net\/index.php?rest_route=\/wp\/v2\/users\/3"}],"replies":[{"embeddable":true,"href":"https:\/\/www.diarioimagen.net\/index.php?rest_route=%2Fwp%2Fv2%2Fcomments&post=632617"}],"version-history":[{"count":0,"href":"https:\/\/www.diarioimagen.net\/index.php?rest_route=\/wp\/v2\/posts\/632617\/revisions"}],"wp:featuredmedia":[{"embeddable":true,"href":"https:\/\/www.diarioimagen.net\/index.php?rest_route=\/wp\/v2\/media\/632647"}],"wp:attachment":[{"href":"https:\/\/www.diarioimagen.net\/index.php?rest_route=%2Fwp%2Fv2%2Fmedia&parent=632617"}],"wp:term":[{"taxonomy":"category","embeddable":true,"href":"https:\/\/www.diarioimagen.net\/index.php?rest_route=%2Fwp%2Fv2%2Fcategories&post=632617"},{"taxonomy":"post_tag","embeddable":true,"href":"https:\/\/www.diarioimagen.net\/index.php?rest_route=%2Fwp%2Fv2%2Ftags&post=632617"}],"curies":[{"name":"wp","href":"https:\/\/api.w.org\/{rel}","templated":true}]}}