{"id":632621,"date":"2024-09-09T00:06:26","date_gmt":"2024-09-09T06:06:26","guid":{"rendered":"https:\/\/www.diarioimagen.net\/?p=632621"},"modified":"2024-09-09T00:24:13","modified_gmt":"2024-09-09T06:24:13","slug":"regresan-a-clases-22-escuelas-en-zona-afectada-de-chalco","status":"publish","type":"post","link":"https:\/\/www.diarioimagen.net\/?p=632621","title":{"rendered":"Regresan a clases 22 escuelas en zona afectada de Chalco"},"content":{"rendered":"<p>&nbsp;<\/p>\n<ul>\n<li><em><strong>Compromiso con la educaci\u00f3n<\/strong><\/em><\/li>\n<\/ul>\n<p><strong>\u00a0<\/strong><\/p>\n<div id=\"attachment_632674\" style=\"width: 470px\" class=\"wp-caption aligncenter\"><a href=\"https:\/\/www.diarioimagen.net\/?attachment_id=632674\" rel=\"attachment wp-att-632674\"><img loading=\"lazy\" decoding=\"async\" aria-describedby=\"caption-attachment-632674\" class=\"size-full wp-image-632674\" src=\"https:\/\/www.diarioimagen.net\/wp-content\/uploads\/2024\/09\/regresan-a-clases-22-escuelas.jpg\" alt=\"\" width=\"460\" height=\"270\" srcset=\"https:\/\/www.diarioimagen.net\/wp-content\/uploads\/2024\/09\/regresan-a-clases-22-escuelas.jpg 460w, https:\/\/www.diarioimagen.net\/wp-content\/uploads\/2024\/09\/regresan-a-clases-22-escuelas-240x141.jpg 240w\" sizes=\"auto, (max-width: 460px) 100vw, 460px\" \/><\/a><p id=\"caption-attachment-632674\" class=\"wp-caption-text\">El secretario Miguel \u00c1ngel Hern\u00e1ndez Espejel reafirm\u00f3 que este lunes 9 de septiembre marcar\u00e1 el inicio presencial de clases en las 22 escuelas que se ubican en zonas afectadas de Chalco.<\/p><\/div>\n<p>&nbsp;<\/p>\n<p><strong>Chalco, Estado de M\u00e9xico.\u2014<\/strong> El Gobierno del Estado de M\u00e9xico, liderado por la maestra Delfina G\u00f3mez \u00c1lvarez, refrenda su compromiso con la educaci\u00f3n de ni\u00f1as, ni\u00f1os, adolescentes y j\u00f3venes del municipio de Chalco al poner en marcha el programa \u201cRegreso a Clases con Bienestar\u201d, lo que permitir\u00e1 reanudar actividades escolares el pr\u00f3ximo lunes 9 de septiembre en las 22 escuelas ubicadas en las zonas afectadas por las lluvias.<\/p>\n<p>Gracias al trabajo en comunidad que promueve la Nueva Escuela Mexicana y el liderazgo de la Gobernadora Delfina G\u00f3mez \u00c1lvarez, en estas instituciones educativas han realizado intensas labores de limpieza y acondicionamiento para que est\u00e9n en condiciones \u00f3ptimas para recibir a sus estudiantes, inform\u00f3 Miguel \u00c1ngel Hern\u00e1ndez Espejel, Secretario de Educaci\u00f3n, Ciencia, Tecnolog\u00eda e Innovaci\u00f3n.<\/p>\n<p>Durante una visita al Jard\u00edn de Ni\u00f1os \u201cJosefina Esparza Berumen de Xim\u00e9nez\u201d, el titular de la SECTI se uni\u00f3 a las tareas de limpieza, destacando la importancia de la colaboraci\u00f3n entre docentes, padres de familia y autoridades para lograr un entorno educativo seguro y saludable.<\/p>\n<p>Como parte de las actividades del programa \u201cRegreso a Clases con Bienestar\u201d, el Secretario Hern\u00e1ndez Espejel tambi\u00e9n visit\u00f3 la Escuela Primaria \u201cHuitzilopochtli\u201d, donde llam\u00f3 a los docentes a fortalecer los proyectos enfocados en el cuidado del medio ambiente y la separaci\u00f3n de residuos, tal como lo establece la Nueva Escuela Mexicana.<\/p>\n<p>La supervisi\u00f3n continu\u00f3 en la Escuela Telesecundaria \u201cJos\u00e9 Vasconcelos\u201d, una de las instituciones que no pospuso el regreso a clases, donde el Secretario pudo constatar que las clases ya se desarrollan con normalidad; aqu\u00ed Hern\u00e1ndez Espejel convers\u00f3 con estudiantes y docentes acerca de la importancia de evitar tirar basura en las calles, resaltando que una peque\u00f1a acci\u00f3n puede generar un gran impacto en el bienestar de la comunidad.<\/p>\n<p>Posteriormente, visit\u00f3 las escuelas primarias \u201cMargarita de Gortari de Salinas\u201d y \u201cMoctezuma\u201d, en la \u00faltima se realizar\u00e1 limpieza de cisternas y desinfecci\u00f3n, para que alumnos y docentes tengan las condiciones de higiene \u00f3ptimas en su regreso a clases.<\/p>\n<p>El Secretario reafirm\u00f3 que el lunes 9 de septiembre marcar\u00e1 el inicio presencial de clases en las 22 escuelas que se ubican en zonas afectadas. \u201cYa es momento de que las escuelas se llenen de vida con la presencia de nuestros estudiantes; ahora es necesario que los ni\u00f1os se integren a sus actividades diarias\u201d, concluy\u00f3.<\/p>\n","protected":false},"excerpt":{"rendered":"<p>El Gobierno del Estado de M\u00e9xico, liderado por la maestra Delfina G\u00f3mez \u00c1lvarez, refrenda su compromiso con la educaci\u00f3n de ni\u00f1as, ni\u00f1os, adolescentes y j\u00f3venes del municipio de Chalco al poner en marcha el programa \u201cRegreso a Clases con Bienestar\u201d, lo que permitir\u00e1 reanudar actividades escolares el pr\u00f3ximo lunes 9 de septiembre en las 22 escuelas ubicadas en las zonas afectadas por las lluvias.<\/p>\n","protected":false},"author":3,"featured_media":632674,"comment_status":"open","ping_status":"open","sticky":false,"template":"","format":"standard","meta":{"_monsterinsights_skip_tracking":false,"_monsterinsights_sitenote_active":false,"_monsterinsights_sitenote_note":"","_monsterinsights_sitenote_category":0,"footnotes":""},"categories":[5,99730],"tags":[541,24434,207,1985],"class_list":["post-632621","post","type-post","status-publish","format-standard","has-post-thumbnail","hentry","category-estado-de-mexico","category-edomex","tag-chalco","tag-clases","tag-escuelas","tag-inundaciones"],"_links":{"self":[{"href":"https:\/\/www.diarioimagen.net\/index.php?rest_route=\/wp\/v2\/posts\/632621","targetHints":{"allow":["GET"]}}],"collection":[{"href":"https:\/\/www.diarioimagen.net\/index.php?rest_route=\/wp\/v2\/posts"}],"about":[{"href":"https:\/\/www.diarioimagen.net\/index.php?rest_route=\/wp\/v2\/types\/post"}],"author":[{"embeddable":true,"href":"https:\/\/www.diarioimagen.net\/index.php?rest_route=\/wp\/v2\/users\/3"}],"replies":[{"embeddable":true,"href":"https:\/\/www.diarioimagen.net\/index.php?rest_route=%2Fwp%2Fv2%2Fcomments&post=632621"}],"version-history":[{"count":0,"href":"https:\/\/www.diarioimagen.net\/index.php?rest_route=\/wp\/v2\/posts\/632621\/revisions"}],"wp:featuredmedia":[{"embeddable":true,"href":"https:\/\/www.diarioimagen.net\/index.php?rest_route=\/wp\/v2\/media\/632674"}],"wp:attachment":[{"href":"https:\/\/www.diarioimagen.net\/index.php?rest_route=%2Fwp%2Fv2%2Fmedia&parent=632621"}],"wp:term":[{"taxonomy":"category","embeddable":true,"href":"https:\/\/www.diarioimagen.net\/index.php?rest_route=%2Fwp%2Fv2%2Fcategories&post=632621"},{"taxonomy":"post_tag","embeddable":true,"href":"https:\/\/www.diarioimagen.net\/index.php?rest_route=%2Fwp%2Fv2%2Ftags&post=632621"}],"curies":[{"name":"wp","href":"https:\/\/api.w.org\/{rel}","templated":true}]}}