{"id":632623,"date":"2024-09-09T00:01:40","date_gmt":"2024-09-09T06:01:40","guid":{"rendered":"https:\/\/www.diarioimagen.net\/?p=632623"},"modified":"2024-09-09T01:13:03","modified_gmt":"2024-09-09T07:13:03","slug":"el-pan-sera-una-voz-congruente-en-el-congreso-mexiquense-afirma-anuar-azar-figueroa","status":"publish","type":"post","link":"https:\/\/www.diarioimagen.net\/?p=632623","title":{"rendered":"El PAN ser\u00e1 una voz congruente en el Congreso mexiquense, afirma Anuar\u00a0Azar\u00a0Figueroa"},"content":{"rendered":"<p>&nbsp;<\/p>\n<ul>\n<li><em><strong>Apertura del primer periodo de sesiones de la LXII Legislatura<\/strong><\/em><\/li>\n<\/ul>\n<p><strong>\u00a0<\/strong><\/p>\n<h6>Arturo Baena<\/h6>\n<p>&nbsp;<\/p>\n<div id=\"attachment_632678\" style=\"width: 470px\" class=\"wp-caption aligncenter\"><a href=\"https:\/\/www.diarioimagen.net\/?attachment_id=632678\" rel=\"attachment wp-att-632678\"><img loading=\"lazy\" decoding=\"async\" aria-describedby=\"caption-attachment-632678\" class=\"size-full wp-image-632678\" src=\"https:\/\/www.diarioimagen.net\/wp-content\/uploads\/2024\/09\/pan-sera-una-voz-congruente.jpg\" alt=\"\" width=\"460\" height=\"270\" srcset=\"https:\/\/www.diarioimagen.net\/wp-content\/uploads\/2024\/09\/pan-sera-una-voz-congruente.jpg 460w, https:\/\/www.diarioimagen.net\/wp-content\/uploads\/2024\/09\/pan-sera-una-voz-congruente-240x141.jpg 240w\" sizes=\"auto, (max-width: 460px) 100vw, 460px\" \/><\/a><p id=\"caption-attachment-632678\" class=\"wp-caption-text\">El diputado Anuar Azar Figueroa afirm\u00f3 que los legisladores panistas ser\u00e1n una voz congruente de los mexiquenses y seguiremos luchando para que se cumplan sus demandas.<\/p><\/div>\n<p>&nbsp;<\/p>\n<p><strong>Valle de M\u00e8xico.\u2014<\/strong> Desde el Congreso del Estado de M\u00e9xico, tengan por seguro que las y los diputados del Partido Acci\u00f3n Nacional (PAN) seremos una voz congruente de los mexiquenses y seguiremos luchando para que se cumplan sus demandas, adem\u00e1s de presentar iniciativas de ley en favor ciudadano y vigilar que las mismas no atenten en perjuicio de la ciudadan\u00eda.<\/p>\n<p>As\u00ed lo expres\u00f3 el diputado Anuar Azar Figueroa, durante la apertura del primer periodo de sesiones de la LXII Legislatura del Estado de M\u00e9xico, luego de reiterar su compromiso de dar continuidad a su labor de la mano de las y los mexiquenses.<\/p>\n<p>\u201cSiempre votaremos en contra de cualquier Ley que atente en perjuicio ciudadano, tal y como\u00a0 lo han hecho nuestros compa\u00f1eros en la reforma judicial. Ello no implica que estaremos en contra de todo lo que se nos presente. El de Acci\u00f3n Nacional estar\u00e1 abierto al di\u00e1logo de oportunidades, respeto y progreso del Estado de M\u00e9xico\u201d, se\u00f1al\u00f3.<\/p>\n<p>El legislador panista, abund\u00f3 que \u201c trabajaremos en pol\u00edticas que fomenten el crecimiento, la generaci\u00f3n de empleos y el bienestar de las familias mexiquenses; mejorar la seguridad y promover los derechos humanos, atentos a las necesidades de los grupos m\u00e1s vulnerables de la sociedad\u201d, destac\u00f3. Azar Figueroa remarc\u00f3 que Acci\u00f3n Nacional se compromete a ser un aliado de la ciudadan\u00eda, escuchando sus demandas y trabajando de la mano para construir un futuro mejor no solo para el Estado de M\u00e9xico, sino para el pa\u00eds.<\/p>\n<p>\u201cHoy, con la instalaci\u00f3n de la LXII Legislatura, los diputados del PAN estamos listos para resistir y defender con determinaci\u00f3n los intereses de la ciudadan\u00eda\u201d, concluy\u00f3.<\/p>\n","protected":false},"excerpt":{"rendered":"<p>esde el Congreso del Estado de M\u00e9xico, tengan por seguro que las y los diputados del Partido Acci\u00f3n Nacional (PAN) seremos una voz congruente de los mexiquenses y seguiremos luchando para que se cumplan sus demandas, adem\u00e1s de presentar iniciativas de ley en favor ciudadano y vigilar que las mismas no atenten en perjuicio de la ciudadan\u00eda.<\/p>\n","protected":false},"author":3,"featured_media":632678,"comment_status":"open","ping_status":"open","sticky":false,"template":"","format":"standard","meta":{"_monsterinsights_skip_tracking":false,"_monsterinsights_sitenote_active":false,"_monsterinsights_sitenote_note":"","_monsterinsights_sitenote_category":0,"footnotes":""},"categories":[5],"tags":[93709,10063],"class_list":["post-632623","post","type-post","status-publish","format-standard","has-post-thumbnail","hentry","category-estado-de-mexico","tag-anuar-azar-figueroa","tag-lxii-legislatura"],"_links":{"self":[{"href":"https:\/\/www.diarioimagen.net\/index.php?rest_route=\/wp\/v2\/posts\/632623","targetHints":{"allow":["GET"]}}],"collection":[{"href":"https:\/\/www.diarioimagen.net\/index.php?rest_route=\/wp\/v2\/posts"}],"about":[{"href":"https:\/\/www.diarioimagen.net\/index.php?rest_route=\/wp\/v2\/types\/post"}],"author":[{"embeddable":true,"href":"https:\/\/www.diarioimagen.net\/index.php?rest_route=\/wp\/v2\/users\/3"}],"replies":[{"embeddable":true,"href":"https:\/\/www.diarioimagen.net\/index.php?rest_route=%2Fwp%2Fv2%2Fcomments&post=632623"}],"version-history":[{"count":0,"href":"https:\/\/www.diarioimagen.net\/index.php?rest_route=\/wp\/v2\/posts\/632623\/revisions"}],"wp:featuredmedia":[{"embeddable":true,"href":"https:\/\/www.diarioimagen.net\/index.php?rest_route=\/wp\/v2\/media\/632678"}],"wp:attachment":[{"href":"https:\/\/www.diarioimagen.net\/index.php?rest_route=%2Fwp%2Fv2%2Fmedia&parent=632623"}],"wp:term":[{"taxonomy":"category","embeddable":true,"href":"https:\/\/www.diarioimagen.net\/index.php?rest_route=%2Fwp%2Fv2%2Fcategories&post=632623"},{"taxonomy":"post_tag","embeddable":true,"href":"https:\/\/www.diarioimagen.net\/index.php?rest_route=%2Fwp%2Fv2%2Ftags&post=632623"}],"curies":[{"name":"wp","href":"https:\/\/api.w.org\/{rel}","templated":true}]}}