{"id":632625,"date":"2024-09-09T00:03:57","date_gmt":"2024-09-09T06:03:57","guid":{"rendered":"https:\/\/www.diarioimagen.net\/?p=632625"},"modified":"2024-09-09T00:28:01","modified_gmt":"2024-09-09T06:28:01","slug":"acabar-con-las-injusticias-en-el-edomex-llama-oscar-gonzalez-yanez","status":"publish","type":"post","link":"https:\/\/www.diarioimagen.net\/?p=632625","title":{"rendered":"Acabar con las injusticias en el Edomex, llama\u00a0\u00d3scar\u00a0Gonz\u00e1lez\u00a0Y\u00e1\u00f1ez"},"content":{"rendered":"<p>&nbsp;<\/p>\n<ul>\n<li><em><strong>Coordinador del grupo parlamentario del Partido del Trabajo<br \/>\n<\/strong><\/em><\/li>\n<\/ul>\n<p>&nbsp;<\/p>\n<div id=\"attachment_632682\" style=\"width: 470px\" class=\"wp-caption aligncenter\"><a href=\"https:\/\/www.diarioimagen.net\/?attachment_id=632682\" rel=\"attachment wp-att-632682\"><img loading=\"lazy\" decoding=\"async\" aria-describedby=\"caption-attachment-632682\" class=\"size-full wp-image-632682\" src=\"https:\/\/www.diarioimagen.net\/wp-content\/uploads\/2024\/09\/acabar-con-injusticias.jpg\" alt=\"\" width=\"460\" height=\"270\" srcset=\"https:\/\/www.diarioimagen.net\/wp-content\/uploads\/2024\/09\/acabar-con-injusticias.jpg 460w, https:\/\/www.diarioimagen.net\/wp-content\/uploads\/2024\/09\/acabar-con-injusticias-240x141.jpg 240w\" sizes=\"auto, (max-width: 460px) 100vw, 460px\" \/><\/a><p id=\"caption-attachment-632682\" class=\"wp-caption-text\">\u00d3scar Gonz\u00e1lez Y\u00e1\u00f1ez, coordinador del grupo parlamentario del PT, llam\u00f3 a la gobernadora Defina G\u00f3mez a seguir sumando esfuerzos junto con las bancadas de Morena y del PVEM.<\/p><\/div>\n<p>&nbsp;<\/p>\n<p><strong>Toluca, Estado de M\u00e9xico.\u2014<\/strong> El diputado \u00d3scar Gonz\u00e1lez Y\u00e1\u00f1ez, coordinador del grupo parlamentario del Partido del Trabajo (PT), llam\u00f3 a la gobernadora Defina G\u00f3mez \u00c1lvarez,\u00a0 a seguir sumando esfuerzos junto con las bancadas de Morena y del PVEM para terminar con las injusticias y problem\u00e1ticas en la entidad.<\/p>\n<p>El legislador recalc\u00f3 que tanto el pa\u00eds como el estado contar\u00e1n con dos mujeres al frente de las decisiones gubernamentales, lo cual se sumar\u00e1 a la Legislatura mexiquense paritaria para transformar y mejorar la realidad de las mujeres.<\/p>\n<p>Tras reconocer el legado que dejar\u00e1 el presidente Andr\u00e9s Manuel L\u00f3pez Obrador, el diputado resalt\u00f3 que la entidad se encuentra en un momento hist\u00f3rico, lo cual obliga a las y los congresistas a desempe\u00f1arse mejor para responder a las demandas de la poblaci\u00f3n mexiquense.<\/p>\n<p>Sobre la agenda legislativa que tendr\u00e1 el PT, detall\u00f3 que buscar\u00e1n resolver los altos costos de las carreteras; rescatar al Instituto de Seguridad Social del Estado de M\u00e9xico y Municipios (Issemym); la distribuci\u00f3n y acumulaci\u00f3n del agua; el combate a la inseguridad y la corrupci\u00f3n; y mayores oportunidades para las juventudes. El legislador reconoci\u00f3 que la entidad est\u00e1 llena de contradicciones, por lo que invit\u00f3 a las y los diputados a asumir el compromiso de casi 18 millones de habitantes, pues destac\u00f3 que se debe privilegiar el bien de la poblaci\u00f3n por encima de intereses partidistas.<\/p>\n","protected":false},"excerpt":{"rendered":"<p>El diputado \u00d3scar Gonz\u00e1lez Y\u00e1\u00f1ez, coordinador del grupo parlamentario del Partido del Trabajo (PT), llam\u00f3 a la gobernadora Defina G\u00f3mez \u00c1lvarez,\u00a0 a seguir sumando esfuerzos junto con las bancadas de Morena y del PVEM para terminar con las injusticias y problem\u00e1ticas en la entidad.<\/p>\n","protected":false},"author":3,"featured_media":632682,"comment_status":"open","ping_status":"open","sticky":false,"template":"","format":"standard","meta":{"_monsterinsights_skip_tracking":false,"_monsterinsights_sitenote_active":false,"_monsterinsights_sitenote_note":"","_monsterinsights_sitenote_category":0,"footnotes":""},"categories":[5],"tags":[70680,71756,366],"class_list":["post-632625","post","type-post","status-publish","format-standard","has-post-thumbnail","hentry","category-estado-de-mexico","tag-injusticia","tag-oscar-gonzalez-yanez","tag-pt"],"_links":{"self":[{"href":"https:\/\/www.diarioimagen.net\/index.php?rest_route=\/wp\/v2\/posts\/632625","targetHints":{"allow":["GET"]}}],"collection":[{"href":"https:\/\/www.diarioimagen.net\/index.php?rest_route=\/wp\/v2\/posts"}],"about":[{"href":"https:\/\/www.diarioimagen.net\/index.php?rest_route=\/wp\/v2\/types\/post"}],"author":[{"embeddable":true,"href":"https:\/\/www.diarioimagen.net\/index.php?rest_route=\/wp\/v2\/users\/3"}],"replies":[{"embeddable":true,"href":"https:\/\/www.diarioimagen.net\/index.php?rest_route=%2Fwp%2Fv2%2Fcomments&post=632625"}],"version-history":[{"count":0,"href":"https:\/\/www.diarioimagen.net\/index.php?rest_route=\/wp\/v2\/posts\/632625\/revisions"}],"wp:featuredmedia":[{"embeddable":true,"href":"https:\/\/www.diarioimagen.net\/index.php?rest_route=\/wp\/v2\/media\/632682"}],"wp:attachment":[{"href":"https:\/\/www.diarioimagen.net\/index.php?rest_route=%2Fwp%2Fv2%2Fmedia&parent=632625"}],"wp:term":[{"taxonomy":"category","embeddable":true,"href":"https:\/\/www.diarioimagen.net\/index.php?rest_route=%2Fwp%2Fv2%2Fcategories&post=632625"},{"taxonomy":"post_tag","embeddable":true,"href":"https:\/\/www.diarioimagen.net\/index.php?rest_route=%2Fwp%2Fv2%2Ftags&post=632625"}],"curies":[{"name":"wp","href":"https:\/\/api.w.org\/{rel}","templated":true}]}}