{"id":632627,"date":"2024-09-09T00:04:21","date_gmt":"2024-09-09T06:04:21","guid":{"rendered":"https:\/\/www.diarioimagen.net\/?p=632627"},"modified":"2024-09-09T00:22:54","modified_gmt":"2024-09-09T06:22:54","slug":"disminuye-el-desempleo-en-edomex-asegura-el-inegi","status":"publish","type":"post","link":"https:\/\/www.diarioimagen.net\/?p=632627","title":{"rendered":"Disminuye el desempleo en Edomex, asegura el Inegi"},"content":{"rendered":"<p>&nbsp;<\/p>\n<ul>\n<li><em><strong>Tiene 8.1 millones de personas ocupadas<\/strong><\/em><\/li>\n<\/ul>\n<p>&nbsp;<\/p>\n<div id=\"attachment_632684\" style=\"width: 470px\" class=\"wp-caption aligncenter\"><a href=\"https:\/\/www.diarioimagen.net\/?attachment_id=632684\" rel=\"attachment wp-att-632684\"><img loading=\"lazy\" decoding=\"async\" aria-describedby=\"caption-attachment-632684\" class=\"size-full wp-image-632684\" src=\"https:\/\/www.diarioimagen.net\/wp-content\/uploads\/2024\/09\/diminuye-desempleo.jpg\" alt=\"\" width=\"460\" height=\"270\" srcset=\"https:\/\/www.diarioimagen.net\/wp-content\/uploads\/2024\/09\/diminuye-desempleo.jpg 460w, https:\/\/www.diarioimagen.net\/wp-content\/uploads\/2024\/09\/diminuye-desempleo-240x141.jpg 240w\" sizes=\"auto, (max-width: 460px) 100vw, 460px\" \/><\/a><p id=\"caption-attachment-632684\" class=\"wp-caption-text\">La tasa de desempleo en Edomex disminuy\u00f3, al pasar de 3.6 por ciento, en el primer trimestre de 2024, a 3.3 por ciento en el segundo trimestre.<\/p><\/div>\n<p>&nbsp;<\/p>\n<p><strong>Toluca, Estado de M\u00e9xico.\u2014<\/strong> En lo que va de este 2024, la poblaci\u00f3n ocupada del Estado de M\u00e9xico mostr\u00f3 una tendencia positiva al pasar de 7 millones 814 mil 544 registrados en el segundo trimestre de 2023 a 8 millones 163 mil 741 en el segundo trimestre de este 2024, es decir se tuvo un incremento de 349 mil 197 personas empleadas lo que signific\u00f3 una tasa de crecimiento anual de 4.5 por ciento.<\/p>\n<p>De acuerdo con datos del Instituto Nacional de Estad\u00edstica y Geograf\u00eda (Inegi), en su Encuesta Nacional de Ocupaci\u00f3n y Empleo (ENOE), esta cifra mantiene a la entidad en el primer lugar, con el 13.8 por ciento de ocupaci\u00f3n laboral a nivel nacional con 59.3 millones de personas empleadas.<\/p>\n<p>La tasa de desempleo disminuy\u00f3 al pasar de 3.6 por ciento en el primer trimestre de 2024 a 3.3 por ciento en el segundo trimestre, lo que representa que 26 mil 608 mexiquenses se incorporar\u00e1n al mercado laboral.<\/p>\n<p>Laura Gonz\u00e1lez Hern\u00e1ndez, titular de la Secretar\u00eda de Desarrollo Econ\u00f3mico, se\u00f1al\u00f3 que el gobierno de la maestra Delfina G\u00f3mez \u00c1lvarez est\u00e1 interesado en el beneficio y dinamismo laboral de las y los mexiquenses, sobre todo de aquellos que tienen alg\u00fan negocio.<\/p>\n<p>Agreg\u00f3 que las estrategias puestas en marcha han permitido que en el segundo trimestre del a\u00f1o m\u00e1s de 20 mil personas salgan de la informalidad, pasando de 54.3 por ciento a 53.2 por ciento, una tasa inferior en 1.2 puntos porcentuales a los reportado en el primer trimestre de 2024.<\/p>\n<p>Sectorialmente, la poblaci\u00f3n ocupada se desglosa de la siguiente manera: Comercio con un mill\u00f3n 976 mil 760; Industria manufacturera con un mill\u00f3n 253 mil 606; Servicios profesionales, financieros y corporativos con 890 mil 975; Servicios diversos con 859 mil 973; Servicios sociales 692 mil 738; y Otros sectores con 2 millones 489 mil 689.<\/p>\n","protected":false},"excerpt":{"rendered":"<p>En lo que va de este 2024, la poblaci\u00f3n ocupada del Estado de M\u00e9xico mostr\u00f3 una tendencia positiva al pasar de 7 millones 814 mil 544 registrados en el segundo trimestre de 2023 a 8 millones 163 mil 741 en el segundo trimestre de este 2024, es decir se tuvo un incremento de 349 mil 197 personas empleadas lo que signific\u00f3 una tasa de crecimiento anual de 4.5 por ciento.<\/p>\n","protected":false},"author":3,"featured_media":632684,"comment_status":"open","ping_status":"open","sticky":false,"template":"","format":"standard","meta":{"_monsterinsights_skip_tracking":false,"_monsterinsights_sitenote_active":false,"_monsterinsights_sitenote_note":"","_monsterinsights_sitenote_category":0,"footnotes":""},"categories":[5],"tags":[38085,43675,193,452],"class_list":["post-632627","post","type-post","status-publish","format-standard","has-post-thumbnail","hentry","category-estado-de-mexico","tag-disminuye","tag-estado-de-mexico","tag-inegi","tag-toluca"],"_links":{"self":[{"href":"https:\/\/www.diarioimagen.net\/index.php?rest_route=\/wp\/v2\/posts\/632627","targetHints":{"allow":["GET"]}}],"collection":[{"href":"https:\/\/www.diarioimagen.net\/index.php?rest_route=\/wp\/v2\/posts"}],"about":[{"href":"https:\/\/www.diarioimagen.net\/index.php?rest_route=\/wp\/v2\/types\/post"}],"author":[{"embeddable":true,"href":"https:\/\/www.diarioimagen.net\/index.php?rest_route=\/wp\/v2\/users\/3"}],"replies":[{"embeddable":true,"href":"https:\/\/www.diarioimagen.net\/index.php?rest_route=%2Fwp%2Fv2%2Fcomments&post=632627"}],"version-history":[{"count":0,"href":"https:\/\/www.diarioimagen.net\/index.php?rest_route=\/wp\/v2\/posts\/632627\/revisions"}],"wp:featuredmedia":[{"embeddable":true,"href":"https:\/\/www.diarioimagen.net\/index.php?rest_route=\/wp\/v2\/media\/632684"}],"wp:attachment":[{"href":"https:\/\/www.diarioimagen.net\/index.php?rest_route=%2Fwp%2Fv2%2Fmedia&parent=632627"}],"wp:term":[{"taxonomy":"category","embeddable":true,"href":"https:\/\/www.diarioimagen.net\/index.php?rest_route=%2Fwp%2Fv2%2Fcategories&post=632627"},{"taxonomy":"post_tag","embeddable":true,"href":"https:\/\/www.diarioimagen.net\/index.php?rest_route=%2Fwp%2Fv2%2Ftags&post=632627"}],"curies":[{"name":"wp","href":"https:\/\/api.w.org\/{rel}","templated":true}]}}