{"id":632629,"date":"2024-09-09T00:02:27","date_gmt":"2024-09-09T06:02:27","guid":{"rendered":"https:\/\/www.diarioimagen.net\/?p=632629"},"modified":"2024-09-09T01:31:38","modified_gmt":"2024-09-09T07:31:38","slug":"presentan-en-tlalnepantla-proyecto-ganador-del-concurso-los-viajes-de-mariaca","status":"publish","type":"post","link":"https:\/\/www.diarioimagen.net\/?p=632629","title":{"rendered":"Presentan en Tlalnepantla proyecto\u00a0ganador\u00a0del concurso\u00a0\u201cLos\u00a0viajes\u00a0de\u00a0Mariaca\u201d"},"content":{"rendered":"<p>&nbsp;<\/p>\n<p><a href=\"https:\/\/www.diarioimagen.net\/?attachment_id=632680\" rel=\"attachment wp-att-632680\"><img loading=\"lazy\" decoding=\"async\" class=\"aligncenter size-full wp-image-632680\" src=\"https:\/\/www.diarioimagen.net\/wp-content\/uploads\/2024\/09\/presentan-en-tlalnepantla.jpg\" alt=\"\" width=\"460\" height=\"270\" srcset=\"https:\/\/www.diarioimagen.net\/wp-content\/uploads\/2024\/09\/presentan-en-tlalnepantla.jpg 460w, https:\/\/www.diarioimagen.net\/wp-content\/uploads\/2024\/09\/presentan-en-tlalnepantla-240x141.jpg 240w\" sizes=\"auto, (max-width: 460px) 100vw, 460px\" \/><\/a><\/p>\n<p>&nbsp;<\/p>\n<p><strong>Tlalnepantla, Estado de M\u00e9xico.\u2014 <\/strong>Marco Antonio Rodr\u00edguez Hurtado, presidente municipal, encabez\u00f3 la presentaci\u00f3n del proyecto ganador del concurso convocado por el \u00a0Fomento del Libro en Am\u00e9rica Latina, en el Centro de la Cultura y la Artes Jos\u00e9 Emilio Pacheco.<\/p>\n<p>El instituto de la Cultura y las Artes someti\u00f3 a concurso en el Centro Regional para el Fomento del Libro en Am\u00e9rica Latina con sede en Colombia el proyecto, \u201cLos Viajes de Mariaca, postales en realidad aumentada, mismo que result\u00f3 ganador de un apoyo auspiciado por la Unesco.<\/p>\n<p>Tony Rodr\u00edguez mencion\u00f3 que \u201choy tenemos que innovar, encontrar la manera de buscar mejor atenci\u00f3n en ni\u00f1as y ni\u00f1os. Generar las condiciones de investigar, que nuestras bibliotecas p\u00fablicas vuelvan a tener una alta funcionalidad, porque no se han ido, aqu\u00ed est\u00e1n. Me siento orgullosa que alguien de Tlalnepantla muestre su talento\u201d.<\/p>\n","protected":false},"excerpt":{"rendered":"<p>Marco Antonio Rodr\u00edguez Hurtado, presidente municipal, encabez\u00f3 la presentaci\u00f3n del proyecto ganador del concurso convocado por el \u00a0Fomento del Libro en Am\u00e9rica Latina, en el Centro de la Cultura y la Artes Jos\u00e9 Emilio Pacheco.<\/p>\n","protected":false},"author":3,"featured_media":632680,"comment_status":"open","ping_status":"open","sticky":false,"template":"","format":"standard","meta":{"_monsterinsights_skip_tracking":false,"_monsterinsights_sitenote_active":false,"_monsterinsights_sitenote_note":"","_monsterinsights_sitenote_category":0,"footnotes":""},"categories":[5],"tags":[43675,100793,169],"class_list":["post-632629","post","type-post","status-publish","format-standard","has-post-thumbnail","hentry","category-estado-de-mexico","tag-estado-de-mexico","tag-los-viajes-de-mariaca","tag-tlalnepantla"],"_links":{"self":[{"href":"https:\/\/www.diarioimagen.net\/index.php?rest_route=\/wp\/v2\/posts\/632629","targetHints":{"allow":["GET"]}}],"collection":[{"href":"https:\/\/www.diarioimagen.net\/index.php?rest_route=\/wp\/v2\/posts"}],"about":[{"href":"https:\/\/www.diarioimagen.net\/index.php?rest_route=\/wp\/v2\/types\/post"}],"author":[{"embeddable":true,"href":"https:\/\/www.diarioimagen.net\/index.php?rest_route=\/wp\/v2\/users\/3"}],"replies":[{"embeddable":true,"href":"https:\/\/www.diarioimagen.net\/index.php?rest_route=%2Fwp%2Fv2%2Fcomments&post=632629"}],"version-history":[{"count":0,"href":"https:\/\/www.diarioimagen.net\/index.php?rest_route=\/wp\/v2\/posts\/632629\/revisions"}],"wp:featuredmedia":[{"embeddable":true,"href":"https:\/\/www.diarioimagen.net\/index.php?rest_route=\/wp\/v2\/media\/632680"}],"wp:attachment":[{"href":"https:\/\/www.diarioimagen.net\/index.php?rest_route=%2Fwp%2Fv2%2Fmedia&parent=632629"}],"wp:term":[{"taxonomy":"category","embeddable":true,"href":"https:\/\/www.diarioimagen.net\/index.php?rest_route=%2Fwp%2Fv2%2Fcategories&post=632629"},{"taxonomy":"post_tag","embeddable":true,"href":"https:\/\/www.diarioimagen.net\/index.php?rest_route=%2Fwp%2Fv2%2Ftags&post=632629"}],"curies":[{"name":"wp","href":"https:\/\/api.w.org\/{rel}","templated":true}]}}