{"id":632699,"date":"2024-09-09T00:01:10","date_gmt":"2024-09-09T06:01:10","guid":{"rendered":"https:\/\/www.diarioimagen.net\/?p=632699"},"modified":"2024-09-09T00:39:26","modified_gmt":"2024-09-09T06:39:26","slug":"sedes-alternas-para-el-senado","status":"publish","type":"post","link":"https:\/\/www.diarioimagen.net\/?p=632699","title":{"rendered":"Sedes alternas para el Senado"},"content":{"rendered":"<h2>Desde el portal<\/h2>\n<h5>\u00c1ngel Soriano<\/h5>\n<p>&nbsp;<\/p>\n<p>El Senado prev\u00e9 la ocupaci\u00f3n de cuando menos tres sedes alternas para la sesi\u00f3n del pleno este mi\u00e9rcoles en que habr\u00e1n de discutir\/aprobar, en su caso, la reforma judicial, pero se conf\u00eda en que lo podr\u00e1n hacer en sus instalaciones de Reforma e Insurgentes o en la vieja casona de Xicot\u00e9ncatl, inform\u00f3 el presidente de la Mesa Directiva, Gerardo Fern\u00e1ndez Noro\u00f1a.<\/p>\n<p>Desde luego que arreciar\u00e1n las marchas y los bloqueos en torno a las emblem\u00e1ticas sedes de la C\u00e1mara alta en un lamentable espect\u00e1culo como el de la ministra presidenta, Norma Pi\u00f1a Hern\u00e1ndez, que lejos de cumplir y hacer cumplir la Ley y respetar la Constituci\u00f3n General de la Rep\u00fablica, recurre a las marchas callejeras para expresar su inconformidad.<\/p>\n<p>De nada sirve la ley y el respeto a la convivencia pac\u00edfica y civilizada, si la principal responsable utiliza el bloqueo y la marchas, afectando a ciudadanos en su libre tr\u00e1nsito o a los vecinos que no pueden entrar ni salir de sus casas por las manifestaciones callejeras de las que van en aumento, pero en algunos casos se justifican cuando los inconformes no son atendidos.<\/p>\n<p>En la reforma judicial no s\u00f3lo se debe cumplir con lo que establece la Constituci\u00f3n, en las asignaciones a cada uno de los tres poderes, sino que existen los canales institucionales para dirimir diferencias como es el parlamento y la jurisprudencia que se han formado a lo largo de la existencia de la Rep\u00fablica, pero se insiste en violar la Ley.<\/p>\n<p style=\"text-align: center;\"><strong>TURBULENCIAS<br \/>\nAcusaciones contra el nuevo titular de Semar<\/strong><\/p>\n<p>Al flamante nuevo secretario de Marina, el originario de Sola de Vega, Oaxaca, Raymundo Pedro Morales \u00c1ngeles, le han llovido acusaciones entre ellas las de nepotismo al auxiliarse en uno de sus hijos para cumplir como Director del Corredor Trans\u00edstmico, misma que ya acept\u00f3, pero que lo deja mal parado al frente de uno de los brazos de las fuerzas armadas que tiene bien ganado prestigio, pero no se puede contar con funcionarios ejemplares\u2026 En la inauguraci\u00f3n del Museo Felipe Carrillo Puerto, en Quintana Roo, la gobernadora Mara Lezama destac\u00f3 las luchas regionales y la aportaci\u00f3n de las mujeres en la historia regional y nacional, frente a la presidenta electa Claudia Sheinbaum y el presidente Andr\u00e9s Manuel L\u00f3pez Obrador, lo cual es importante, pues a lo largo y ancho de la Rep\u00fablica no se ha destacado este tipo de batallas en las que abundan los h\u00e9roes an\u00f3nimos\u2026Con una inversi\u00f3n de 7 millones 390 mil pesos, se combatir\u00e1 el rezago social de San Andr\u00e9s Nuxi\u00f1o, municipio de la regi\u00f3n Mixteca en el que se llevar\u00e1n a cabo mejoras en infraestructura educativa, campo, salud y bienestar dijo el gobernador Salom\u00f3n Jara Cruz al llegar esa poblaci\u00f3n, acompa\u00f1ado por la presidenta honoraria del DIF-Oaxaca, Irma Bola\u00f1os Quijano, y explic\u00f3 que mediante un gobierno de territorio y la estrategia Trabajo que Transforma tu Municipio, se impulsa el desarrollo y crecimiento de los pueblos de las ocho regiones\u2026Y mientras el ex gobernador de Oaxaca, Ulises Ruiz Ortiz, llama a la creaci\u00f3n de un nuevo partido para un nuevo pa\u00eds, el ex gobernador Alejandro Murat realiza una inusitada actividad en el Senado apuntalando al gobierno federal ante las embestidas del vecino pa\u00eds del norte que cerca al pa\u00eds con su constante intervencionismo. Como titular de la Comisi\u00f3n de Relaciones Exteriores, apoya la actividad del inminente nuevo canciller Juan Ram\u00f3n de la Fuente y del secretario de Econom\u00eda, Marcelo Ebrard\u2026Ya empieza la mudanza del tabasque\u00f1o Andr\u00e9s Manuel L\u00f3pez Obrador de Palacio Nacional a Palenque, Chiapas, y del despojo de su reloj que ser\u00e1 rifado, como parte de su despedida al concluir su exitosa funci\u00f3n al frente del Ejecutivo Federal.<\/p>\n<p><u><a href=\"mailto:asorianocarrasco@yahoo.com\" target=\"_blank\" rel=\"noopener noreferrer\"><em>asorianocarrasco@yahoo.com<\/em><\/a><br \/>\n<em><a href=\"https:\/\/revistabrecha.com\" target=\"_blank\" rel=\"noopener noreferrer\">www.revistabrecha.com<\/a><br \/>\n<\/em><\/u><em>facebook oficial <a href=\"https:\/\/es-la.facebook.com\/RevistaBrecha.Oficial\" target=\"_blank\" rel=\"noopener\">@BrechaRevista<\/a><\/em><\/p>\n","protected":false},"excerpt":{"rendered":"<p><span style=\"color: #005497;\"><strong>\u00c1ngel Soriano<\/strong><\/span><\/p>\n","protected":false},"author":3,"featured_media":0,"comment_status":"open","ping_status":"open","sticky":false,"template":"","format":"standard","meta":{"_monsterinsights_skip_tracking":false,"_monsterinsights_sitenote_active":false,"_monsterinsights_sitenote_note":"","_monsterinsights_sitenote_category":0,"footnotes":""},"categories":[135],"tags":[85,86,43674],"class_list":["post-632699","post","type-post","status-publish","format-standard","hentry","category-angel-soriano-opinion","tag-angel-soriano","tag-desde-el-portal","tag-opinion"],"_links":{"self":[{"href":"https:\/\/www.diarioimagen.net\/index.php?rest_route=\/wp\/v2\/posts\/632699","targetHints":{"allow":["GET"]}}],"collection":[{"href":"https:\/\/www.diarioimagen.net\/index.php?rest_route=\/wp\/v2\/posts"}],"about":[{"href":"https:\/\/www.diarioimagen.net\/index.php?rest_route=\/wp\/v2\/types\/post"}],"author":[{"embeddable":true,"href":"https:\/\/www.diarioimagen.net\/index.php?rest_route=\/wp\/v2\/users\/3"}],"replies":[{"embeddable":true,"href":"https:\/\/www.diarioimagen.net\/index.php?rest_route=%2Fwp%2Fv2%2Fcomments&post=632699"}],"version-history":[{"count":0,"href":"https:\/\/www.diarioimagen.net\/index.php?rest_route=\/wp\/v2\/posts\/632699\/revisions"}],"wp:attachment":[{"href":"https:\/\/www.diarioimagen.net\/index.php?rest_route=%2Fwp%2Fv2%2Fmedia&parent=632699"}],"wp:term":[{"taxonomy":"category","embeddable":true,"href":"https:\/\/www.diarioimagen.net\/index.php?rest_route=%2Fwp%2Fv2%2Fcategories&post=632699"},{"taxonomy":"post_tag","embeddable":true,"href":"https:\/\/www.diarioimagen.net\/index.php?rest_route=%2Fwp%2Fv2%2Ftags&post=632699"}],"curies":[{"name":"wp","href":"https:\/\/api.w.org\/{rel}","templated":true}]}}