{"id":632726,"date":"2024-09-09T00:10:26","date_gmt":"2024-09-09T06:10:26","guid":{"rendered":"https:\/\/www.diarioimagen.net\/?p=632726"},"modified":"2024-09-09T00:59:29","modified_gmt":"2024-09-09T06:59:29","slug":"los-malvados-politicos-y-las-buenas-conciencias-de-los-legisladores","status":"publish","type":"post","link":"https:\/\/www.diarioimagen.net\/?p=632726","title":{"rendered":"Los malvados pol\u00edticos y las buenas conciencias de los legisladores"},"content":{"rendered":"<h2>De frente y de perfil<\/h2>\n<h5>Ram\u00f3n Zurita Sahag\u00fan<\/h5>\n<p>&nbsp;<\/p>\n<p>La ideolog\u00eda de los legisladores mexicanos no es tan profunda como consideran algunos. Es sumamente maleable y flexible, raz\u00f3n por la que son fuertemente asediados cuando se requiere de cambio de bando.<\/p>\n<p>No es que sean chaqueteros, chapulines o ambiciosos. M\u00e1s bien son moralmente sensibles, por lo que en alg\u00fan momento de la vida se dejan seducir por las palabras melosas que les prodigan quienes les endulzan el o\u00eddo.<\/p>\n<p>Hombres y mujeres dedicados a la pol\u00edtica perciben cuando se requiere de un esfuerzo extraordinario y es entonces cuando flaquean y deciden cambiar de camiseta.<\/p>\n<p>Es cierto que hay personajes que los engatusan, los enga\u00f1an y los atraen como en aquellos tiempos en que los aztecas cambiaban oro por espejitos seducidos por los malvados conquistadores.<\/p>\n<p>La maldad siempre est\u00e1 presente en la actividad pol\u00edtica y la mayor\u00eda de los pol\u00edticos son ingenuos, bienintencionados, pero caen en las garras de esos seres odiosos que los hacen entrar en contradicciones que ellos jam\u00e1s pensaron en su andar por dicha actividad.<\/p>\n<p>Prueba clara de ello son aquellos tiempos en que el malvado gobierno de Arturo Montiel en el Estado de M\u00e9xico consigui\u00f3 convencer a gran parte de la bancada del PAN de sus buenas intenciones para con los habitantes de la entidad, por lo que se requer\u00eda que el entonces invencible Partido Revolucionario Institucional tuviera la mayor\u00eda en el Congreso del estado, misma que hab\u00eda perdido en las urnas.<\/p>\n<p>Las buenas conciencias de los panistas se impusieron y determinaron apoyar a un gobierno bien intencionado con ideas modernas y de beneficio colectivo para esa gran mayor\u00eda de los habitantes del Estado de M\u00e9xico que carec\u00edan de las cosas m\u00e1s elementales.<\/p>\n<p>Igual sucedi\u00f3 en Tabasco cuando los priistas perdieron la mayor\u00eda del Congreso local en los tiempos en que Manuel Andrade gobernaba la entidad. La bonhom\u00eda del gobernante bast\u00f3 para que los perredistas decidieran ceder la mayor\u00eda en el Congreso, mediante el razonamiento de algunos militantes del sol azteca que comprendieron esa necesidad para que avanzara la modernidad en el estado.<\/p>\n<p>Esos buenos ejemplos est\u00e1n siendo puestos en el Congreso de la Uni\u00f3n, donde hace unos d\u00edas dos senadores electos por el PRD que se quedaban sin br\u00fajula y sin gu\u00eda en la llamada C\u00e1mara Alta cedieron a su firme ideolog\u00eda y por el bien de un pa\u00eds m\u00e1s pr\u00f3spero y justo decidieron dar un salto que algunos maledicentes confundieron como venta de consciencia y engrosaron las filas de Morena, para que puedan alcanzar la mayor\u00eda calificada y aprobar la reforma judicial, tan necesaria y urgente que los integrantes de la mayor\u00eda gobernante aprobaron con prisas, sin importar darle, cuando menos, una le\u00edda, convencidos de las palabras de su gu\u00eda espiritual que les dijo c\u00f3mo votar que el pa\u00eds se lo agradecer\u00eda y pondr\u00eda hasta en letras de oro sus nombres por el bien que hacen a los despose\u00eddos que carecen de justicia, ya que los jueces, magistrados y ministros de la corte act\u00faan err\u00f3neamente, solamente en favor de los ricos y delincuentes.<\/p>\n<p>Sin embargo, con todo y ello, al grupo preponderante en el Senado de la Rep\u00fablica les hace falta un voto, para tener mayor\u00eda calificada y con sus buenas maneras y don de convencimiento buscan que uno o una m\u00e1s se pase a sus filas o se ausente de la votaci\u00f3n, consciente del beneficio que le acarrear\u00eda al pa\u00eds su acci\u00f3n valiente.<\/p>\n<p>Nada de acoso, menos investigaciones judiciales u ofertas monetarias de parte de los hombres del poder hacia la endeble oposici\u00f3n, las palabras son la mejor arma, sobre todo con aquellos que carecen de empat\u00eda con la poblaci\u00f3n y por eso les dio la espalda en los comicios del pasado 2 de junio.<\/p>\n<p>Solamente falta saber qui\u00e9n dijo yo y, el martes que se vote la iniciativa de reforma al Poder Judicial, d\u00e9 el paso de costado y se agregue al grupo de pol\u00edticos nacionalistas que tanto gustan a los hombres del poder. Veremos qu\u00e9 sucede, total que los ciudadanos somos muy olvidadizos y desmemoriados y podemos darles nuestro voto nuevamente.<\/p>\n<p><em><a href=\"mailto:ramonzurita44@hotmail.com\" target=\"_blank\" rel=\"noopener noreferrer\">ramonzurita44@hotmail.com<\/a><br \/>\n<a href=\"mailto:ramonzurita44@gmail.com\" target=\"_blank\" rel=\"noopener\">ramonzurita44@gmail.com<\/a><\/em><\/p>\n","protected":false},"excerpt":{"rendered":"<p><span style=\"color: #005497;\"><strong>Ram\u00f3n Zurita Sahag\u00fan<\/strong><\/span><\/p>\n","protected":false},"author":3,"featured_media":0,"comment_status":"open","ping_status":"open","sticky":false,"template":"","format":"standard","meta":{"_monsterinsights_skip_tracking":false,"_monsterinsights_sitenote_active":false,"_monsterinsights_sitenote_note":"","_monsterinsights_sitenote_category":0,"footnotes":""},"categories":[234],"tags":[304,43674,43687],"class_list":["post-632726","post","type-post","status-publish","format-standard","hentry","category-ramon-zurita-sahagun","tag-de-frente-y-de-perfil","tag-opinion","tag-ramon-zurita-sahagun"],"_links":{"self":[{"href":"https:\/\/www.diarioimagen.net\/index.php?rest_route=\/wp\/v2\/posts\/632726","targetHints":{"allow":["GET"]}}],"collection":[{"href":"https:\/\/www.diarioimagen.net\/index.php?rest_route=\/wp\/v2\/posts"}],"about":[{"href":"https:\/\/www.diarioimagen.net\/index.php?rest_route=\/wp\/v2\/types\/post"}],"author":[{"embeddable":true,"href":"https:\/\/www.diarioimagen.net\/index.php?rest_route=\/wp\/v2\/users\/3"}],"replies":[{"embeddable":true,"href":"https:\/\/www.diarioimagen.net\/index.php?rest_route=%2Fwp%2Fv2%2Fcomments&post=632726"}],"version-history":[{"count":0,"href":"https:\/\/www.diarioimagen.net\/index.php?rest_route=\/wp\/v2\/posts\/632726\/revisions"}],"wp:attachment":[{"href":"https:\/\/www.diarioimagen.net\/index.php?rest_route=%2Fwp%2Fv2%2Fmedia&parent=632726"}],"wp:term":[{"taxonomy":"category","embeddable":true,"href":"https:\/\/www.diarioimagen.net\/index.php?rest_route=%2Fwp%2Fv2%2Fcategories&post=632726"},{"taxonomy":"post_tag","embeddable":true,"href":"https:\/\/www.diarioimagen.net\/index.php?rest_route=%2Fwp%2Fv2%2Ftags&post=632726"}],"curies":[{"name":"wp","href":"https:\/\/api.w.org\/{rel}","templated":true}]}}